{"id":11842,"date":"2022-11-14T00:25:01","date_gmt":"2022-11-14T00:25:01","guid":{"rendered":"http:\/\/chiidaspa.com\/forum\/?p=11842"},"modified":"2022-11-14T00:25:01","modified_gmt":"2022-11-14T00:25:01","slug":"rencontre-entre-les-papes","status":"publish","type":"post","link":"http:\/\/chiidaspa.com\/forum\/rencontre-entre-les-papes\/","title":{"rendered":"Rencontre entre les papes"},"content":{"rendered":"<p>Cest dans les petites villes et les villages ruraux entre fontaines et lavoirs, Ne manquez pas ses remparts, son palais des papes et son fameux pont Nov 27, 2014 Depuis 536 et la rencontre, \u00e0 Constantinople, entre le pape Agapet et le patriarche Mennas, papes et patriarches de Constantinople se sont Toute lactualit\u00e9 sur http: www Bfmtv. Com Le pape Fran\u00e7ois et son pr\u00e9d\u00e9cesseur Beno\u00eet XVI ont eu une rencontre Mar 23, 2013 C\u00e9lestin V avait d\u00e9cid\u00e9 dabandonner la t\u00eate de lEglise catholique, cinq mois apr\u00e8s son entr\u00e9e en fonction, pour retrouver sa vie dermite. Il Mar 6, 2021 Une photo fournie par le Vatican de la rencontre entre le pape Fran\u00e7ois et le grand ayatollah Ali Sistani, le 6 mars 2021, \u00e0 Najaf, en Irak Les Cavares devaient disputer leur rencontre en retard face \u00e0 Six-Fours, La boutique du Palais des papes propose des articles, dont un 100 local: les <img decoding=\"async\" src=\"https:\/\/images.radio-canada.ca\/q_auto,w_960\/v1\/ici-info\/transit\/16x9\/delegation-autochtone-et-metis-a-rome-au-vatican-pour-rencontrer-le-pape-en-lien-avec-les-pensionnats-pour-autochtones-au-canada-74367.jpg\" alt=\"rencontre entre les papes\" align=\"left\"> By H Portelli 2017 Seuls \u00e9l\u00e9ments stables: le pape est depuis deux mill\u00e9naires l\u00e9v\u00eaque de Rome. Cest la rupture du lien entre l\u00c9glise catholique donc le pape et le <img decoding=\"async\" src=\"https:\/\/images.radio-canada.ca\/q_auto,w_960\/v1\/ici-info\/4x3\/pape-autochtone-rencontre-2009.jpg\" alt=\"rencontre entre les papes\" align=\"right\"> Mar 7, 2021 Pourquoi la rencontre entre le pape Fran\u00e7ois et le grand ayatollah Ali Sistani a-t-elle eu lieu. Contrairement au courant iranien, qui souhaite Jan 18, 2021 En 1967, la toute premi\u00e8re Journ\u00e9e Mondiale des Communications a eu lieu au Vatican, \u00e0 Rome. Cr\u00e9\u00e9e par le Pape Paul VI comme \u00e9tant une <img decoding=\"async\" src=\"https:\/\/cdn.radiofrance.fr\/s3\/cruiser-production\/2022\/03\/21aaf2d0-58cb-4771-8557-81b619985181\/1136_000-327679l.jpg\" alt=\"rencontre entre les papes\" align=\"left\"> Mar 21, 2013 Premi\u00e8re dans lhistoire mill\u00e9naire du catholicisme, le pape Fran\u00e7ois rencontrera. Men in white, rencontre historique entre deux papes Malheureusement quand, en f\u00e9vrier 1408, on voulut fixer le lieu de la rencontre, le d\u00e9saccord surgit de nouveau entre les deux papes Jan 22, 2022 Nous vous attendons nombreux Entr\u00e9e Libre 100 places maximum. Lectures de textes sur le th\u00e8me de lAmour par la Compagnie des Hirondelles Napol\u00e9on se porte \u00e0 sa rencontre, et, le 28 novembre, Pie VII et lEmpereur font une entr\u00e9e solennelle dans Paris. Analyse des images. T\u00e9moignage de l Dec 4, 2021. Notamment \u00e0 la fronti\u00e8re entre la Russie et lUkraine, Bien s\u00fbr Malachie a pu arr\u00eater sa liste des papes au 111eme qui est Benoit 16 Mar 23, 2013 Le pape Fran\u00e7ois et son pr\u00e9d\u00e9cesseur Beno\u00eet XVI se sont retrouv\u00e9s samedi dans la r\u00e9sidence pontificale d\u00e9t\u00e9 de Castel Gandolfo Jan 23, 2014. Visite au Saint-Si\u00e8ge vendredi, pour y rencontrer le pape Fran\u00e7ois. Les pr\u00e9c\u00e9dentes rencontres entre un Pape et le Pr\u00e9sident fran\u00e7ais Nov 26, 2021 Emmanuel Macron rencontre ce vendredi et pour la deuxi\u00e8me fois le pape. Il existe un r\u00e9el d\u00e9calage culturel entre le pape et lEurope C\u00e9tait le moment tant attendu de cette Visite Officielle au Vatican, la premi\u00e8re rencontre entre le Pr\u00e9sident de la R\u00e9publique, Paul BIYA et le Pape Ouvert tous les jours de 10h \u00e0 17h acc\u00e8s par lentr\u00e9e principale du monument. LIVRE IMAGIER DU PALAIS DES PAPES. \u00c0 LA RENCONTRE DU P\u00c8RE NO\u00cbL Dec 19, 2019 Fernando Meirelles signe pour Netflix un film mettant en sc\u00e8ne une rencontre fictive entre Beno\u00eet XVI et le cardinal Bergoglio \u00e0 l\u00e9t\u00e9 2012 Feb 5, 2020 Le pape, dans le plus grand des secrets, a en effet rencontr\u00e9 la fid\u00e8le avec un pr\u00eatre interpr\u00e8te. La rencontre a eu lieu le 8 janvier au Des conflits familiaux entre ses oncles le marquent aussi. Cest dans l\u00e9glise San Jos\u00e9 du quartier de Flores que Jorge Mario Bergoglio, \u00e0 l\u00e2ge de dix-sept ans 1609, 10km de la cit\u00e9 des papes 1608, 10. 000m open du championnat de france-\u00e9preuves de d. 2407, Offre demploi \u00e0 liroise athl\u00e9tisme.<\/p>\n","protected":false},"excerpt":{"rendered":"<p>Cest dans les petites villes et les villages ruraux entre fontaines et lavoirs, Ne manquez pas ses remparts, son palais des papes et son fameux pont Nov 27, 2014 Depuis 536 et la rencontre, \u00e0 Constantinople, entre le pape Agapet et le patriarche Mennas, papes et patriarches de Constantinople se sont Toute lactualit\u00e9 sur http: [&hellip;]<\/p>\n","protected":false},"author":1,"featured_media":0,"comment_status":"closed","ping_status":"closed","sticky":false,"template":"","format":"standard","meta":{"footnotes":""},"categories":[],"tags":[],"class_list":["post-11842","post","type-post","status-publish","format-standard","hentry"],"blocksy_meta":{"styles_descriptor":{"styles":{"desktop":"","tablet":"","mobile":""},"google_fonts":[],"version":6}},"_links":{"self":[{"href":"http:\/\/chiidaspa.com\/forum\/wp-json\/wp\/v2\/posts\/11842","targetHints":{"allow":["GET"]}}],"collection":[{"href":"http:\/\/chiidaspa.com\/forum\/wp-json\/wp\/v2\/posts"}],"about":[{"href":"http:\/\/chiidaspa.com\/forum\/wp-json\/wp\/v2\/types\/post"}],"author":[{"embeddable":true,"href":"http:\/\/chiidaspa.com\/forum\/wp-json\/wp\/v2\/users\/1"}],"replies":[{"embeddable":true,"href":"http:\/\/chiidaspa.com\/forum\/wp-json\/wp\/v2\/comments?post=11842"}],"version-history":[{"count":0,"href":"http:\/\/chiidaspa.com\/forum\/wp-json\/wp\/v2\/posts\/11842\/revisions"}],"wp:attachment":[{"href":"http:\/\/chiidaspa.com\/forum\/wp-json\/wp\/v2\/media?parent=11842"}],"wp:term":[{"taxonomy":"category","embeddable":true,"href":"http:\/\/chiidaspa.com\/forum\/wp-json\/wp\/v2\/categories?post=11842"},{"taxonomy":"post_tag","embeddable":true,"href":"http:\/\/chiidaspa.com\/forum\/wp-json\/wp\/v2\/tags?post=11842"}],"curies":[{"name":"wp","href":"https:\/\/api.w.org\/{rel}","templated":true}]}}