{"id":11868,"date":"2022-11-14T00:26:17","date_gmt":"2022-11-14T00:26:17","guid":{"rendered":"http:\/\/chiidaspa.com\/forum\/?p=11868"},"modified":"2022-11-14T00:26:17","modified_gmt":"2022-11-14T00:26:17","slug":"rencontre-entre-les-papes-2","status":"publish","type":"post","link":"http:\/\/chiidaspa.com\/forum\/rencontre-entre-les-papes-2\/","title":{"rendered":"Rencontre entre les papes"},"content":{"rendered":"<p>Mar 23, 2013 Le pape Fran\u00e7ois a rencontr\u00e9 Beno\u00eet XVI samedi \u00e0 Castel Gandolfo, la r\u00e9sidence d\u00e9t\u00e9 des papes. Une rencontre in\u00e9dite Oct 18, 2021 Il ny avait pas eu de rencontre entre un Premier ministre fran\u00e7ais et. Biographie courte du Pape Fran\u00e7ois-De son vrai nom Jorge Mario By H Portelli 2017 Seuls \u00e9l\u00e9ments stables: le pape est depuis deux mill\u00e9naires l\u00e9v\u00eaque de Rome. Cest la rupture du lien entre l\u00c9glise catholique donc le pape et le <img decoding=\"async\" src=\"https:\/\/www.leparisien.fr\/resizer\/KsmEyBFavAw8pfDiD5F0b6kPrXU=\/932x582\/cloudfront-eu-central-1.images.arcpublishing.com\/leparisien\/XJWJJ6WJMFC7VLXKDB4772P33M.jpg\" alt=\"rencontre entre les papes\" align=\"right\"> Jan 6, 2020 Fernando Meirelles filme sans trop de nuance mais avec brio et l\u00e9g\u00e8ret\u00e9 la rencontre entre Beno\u00eet XVI et le futur Pape Fran\u00e7ois Jan 26, 2016 La rencontre mettra en lumi\u00e8re les d\u00e9veloppements oecum\u00e9niques solides entre catholiques et luth\u00e9riens, en particulier depuis le concile Ouvert tous les jours de 10h \u00e0 17h acc\u00e8s par lentr\u00e9e principale du monument. LIVRE IMAGIER DU PALAIS DES PAPES. \u00c0 LA RENCONTRE DU P\u00c8RE NO\u00cbL Vid\u00e9os similaires VIDEO. Rencontre historique entre deux papes \u00e0 Castel Gandolfo Synode: rencontre entre le Pape Fran\u00e7ois, des jeunes et des personnes \u00e2g\u00e9es Retrouvez toute linformation et les d\u00e9cryptages Pape Fran\u00e7ois \u00e0 lire et. Espagne: la rencontre pr\u00e9vue entre le Pape et la ministre du Travail critiqu\u00e9e May 25, 2014 ENTRE LE PAPE PAUL VI ET LE PATRIARCHE ATH\u00c9NAGORAS 24-26 MAI 2014. RENCONTRE PRIV\u00c9E AVEC LE PATRIARCHE \u0152CUM\u00c9NIQUE DE CONSTANTINOPLE Mar 23, 2013 Le pape argentin a \u00e9t\u00e9 re\u00e7u par son pr\u00e9d\u00e9cesseur \u00e0 Castel Gandolfo. Une rencontre in\u00e9dite dans lhistoire de lEglise catholique <img decoding=\"async\" src=\"https:\/\/www.francetvinfo.fr\/pictures\/FkRqUGKiTDft4JCBkRCs5vKG9QE\/640x360\/2016\/02\/12\/eltVideoWs-140279-56be36490fbdf.jpg\" alt=\"rencontre entre les papes\" align=\"right\"> May 23, 2016 Le message \u00e0 retenir de cette rencontre entre entre Jorge Bergoglio et le repr\u00e9sentant de la plus prestigieuse institution de lislam sunnite Nov 27, 2014 Depuis 536 et la rencontre, \u00e0 Constantinople, entre le pape Agapet et le patriarche Mennas, papes et patriarches de Constantinople se sont Au Vatican, le Pape est un homme fort occup\u00e9. Il nemp\u00eache que le rencontrer est toujours possible, \u00e0 de nombreuses occasions, tout au long de lann\u00e9e Visitez mon blog de cuisine: recettes faciles et gourmandes, sucr\u00e9es, sal\u00e9es pour tous les jours ou les grandes occasions. Ici on cuisine dans la bonne Le d\u00e9bat tendu entre Magali Berdah et Oliv Oliv C8. Vous \u00eates m\u00e9prisant. \u00c0 la rencontre de Ellie Williams. Grand Prix de France. CANAL Napol\u00e9on se porte \u00e0 sa rencontre, et, le 28 novembre, Pie VII et lEmpereur font une entr\u00e9e solennelle dans Paris. Analyse des images. T\u00e9moignage de l <img decoding=\"async\" src=\"https:\/\/medias.lavie.fr\/api\/v1\/images\/view\/6040aa768fe56f73234eacb6\/width_1000\/image.jpg\" alt=\"rencontre entre les papes\" align=\"center\"> Jun 25, 2018. \u00c0 Rome pour rencontrer le souverain pontife, le pape Fran\u00e7ois. En images, plus de 60 ans de relations entre la France et le Vatican Mar 23, 2013 C\u00e9lestin V avait d\u00e9cid\u00e9 dabandonner la t\u00eate de lEglise catholique, cinq mois apr\u00e8s son entr\u00e9e en fonction, pour retrouver sa vie dermite. Il Le pape Fran\u00e7ois a rencontr\u00e9 son pr\u00e9d\u00e9cesseur Beno\u00eet XVI dans la r\u00e9sidence pontificale de Castel Gandolfo. Une Dec 19, 2019 Fernando Meirelles signe pour Netflix un film mettant en sc\u00e8ne une rencontre fictive entre Beno\u00eet XVI et le cardinal Bergoglio \u00e0 l\u00e9t\u00e9 2012 9 hours ago Le pape Fran\u00e7ois a c\u00e9l\u00e9br\u00e9 son 85e anniversaire vendredi, mais ne semble. Ci-dessus, Fran\u00e7ois assiste \u00e0 une rencontre avec des pr\u00eatres.<\/p>\n","protected":false},"excerpt":{"rendered":"<p>Mar 23, 2013 Le pape Fran\u00e7ois a rencontr\u00e9 Beno\u00eet XVI samedi \u00e0 Castel Gandolfo, la r\u00e9sidence d\u00e9t\u00e9 des papes. Une rencontre in\u00e9dite Oct 18, 2021 Il ny avait pas eu de rencontre entre un Premier ministre fran\u00e7ais et. Biographie courte du Pape Fran\u00e7ois-De son vrai nom Jorge Mario By H Portelli 2017 Seuls \u00e9l\u00e9ments stables: [&hellip;]<\/p>\n","protected":false},"author":1,"featured_media":0,"comment_status":"closed","ping_status":"closed","sticky":false,"template":"","format":"standard","meta":{"footnotes":""},"categories":[],"tags":[],"class_list":["post-11868","post","type-post","status-publish","format-standard","hentry"],"blocksy_meta":[],"_links":{"self":[{"href":"http:\/\/chiidaspa.com\/forum\/wp-json\/wp\/v2\/posts\/11868","targetHints":{"allow":["GET"]}}],"collection":[{"href":"http:\/\/chiidaspa.com\/forum\/wp-json\/wp\/v2\/posts"}],"about":[{"href":"http:\/\/chiidaspa.com\/forum\/wp-json\/wp\/v2\/types\/post"}],"author":[{"embeddable":true,"href":"http:\/\/chiidaspa.com\/forum\/wp-json\/wp\/v2\/users\/1"}],"replies":[{"embeddable":true,"href":"http:\/\/chiidaspa.com\/forum\/wp-json\/wp\/v2\/comments?post=11868"}],"version-history":[{"count":0,"href":"http:\/\/chiidaspa.com\/forum\/wp-json\/wp\/v2\/posts\/11868\/revisions"}],"wp:attachment":[{"href":"http:\/\/chiidaspa.com\/forum\/wp-json\/wp\/v2\/media?parent=11868"}],"wp:term":[{"taxonomy":"category","embeddable":true,"href":"http:\/\/chiidaspa.com\/forum\/wp-json\/wp\/v2\/categories?post=11868"},{"taxonomy":"post_tag","embeddable":true,"href":"http:\/\/chiidaspa.com\/forum\/wp-json\/wp\/v2\/tags?post=11868"}],"curies":[{"name":"wp","href":"https:\/\/api.w.org\/{rel}","templated":true}]}}