{"id":12380,"date":"2022-11-14T01:01:02","date_gmt":"2022-11-14T01:01:02","guid":{"rendered":"http:\/\/chiidaspa.com\/forum\/?p=12380"},"modified":"2022-11-14T01:01:02","modified_gmt":"2022-11-14T01:01:02","slug":"rencontre-et-partage","status":"publish","type":"post","link":"http:\/\/chiidaspa.com\/forum\/rencontre-et-partage\/","title":{"rendered":"Rencontre et partage"},"content":{"rendered":"<p>Les r\u00e9seaux sociaux: un lieu de rencontre et de partage. Tech Web Community Management. Par Tah_in, publi\u00e9 le 31 ao\u00fbt 2012 \u00e0 17h17 Le PR\u00c9-Partage Rencontre \u00c9change. Pr\u00e9sident: Anne Marie Colin Responsable de la Boucle de Seine et Luc Voisin Responsable \u00e0 Chatou Les 26\u00e8mes Rencontres du cin\u00e9ma documentaire sintitulent \u00c9loge du partage et se d\u00e9rouleront au cin\u00e9ma Le M\u00e9li\u00e8s de Montreuil du 24 au 30 novembre 2021 Dec 9, 2021. \u00c9taient l\u00e0 pour parler de leur rencontre avec Marl\u00e8ne Schiappa. Dans un minist\u00e8re par Marl\u00e8ne Schiappa, les avis sont partag\u00e9s Oct 30, 2018 Partage Rencontre Fait de soci\u00e9t\u00e9, question de vie personnelle ou relationnelle, sujet de vie spirituelle: cest l\u00e9quipe qui choisit Partage et rencontre. Ce mouvement propose des rencontres aux personnes de tous milieux, \u00e2ges, situations, d\u00e9sireuses d\u00e9changer et de r\u00e9fl\u00e9chir sur ce qui <img decoding=\"async\" src=\"http:\/\/www.college-stemarie-elven.org\/wp-content\/uploads\/2014\/09\/SAM_2494.jpg\" alt=\"rencontre et partage\" align=\"right\"> Dec 9, 2015 Les Francas de Seine-Saint-Denis ont le plaisir de vous inviter au prochain rendez-vous de lAD: La s\u00e9curit\u00e9 affective des enfants et des Jan 18, 2019 Au centre Enjalbert, le groupe rencontre-partage de lEntraide protestante de Livron et l\u00e9quipe du Secours catholique de Loriol ont anim\u00e9 Partage et rencontre. Mouvement de chr\u00e9tiens en Eglise ouvert \u00e0 tous. Un mouvement ouvert \u00e0 tous, chr\u00e9tiens ou non, en couple ou s\u00e9par\u00e9s pour se parler et Partage et rencontres. Bugnes Intergenerationnel. TRICOT chaque mardi de 14h \u00e0 17h. On vient chercher de la compagnie et on tricote en bavardant Sep 10, 2019 Dimanche, lassociation Les Villajoies organisait son temps Rencontre et Partage, autour dune mise en commun dingr\u00e9dients et de <img decoding=\"async\" src=\"https:\/\/paroisseoullins.net\/wp\/wp-content\/uploads\/2021\/11\/RRPrecto.jpg\" alt=\"rencontre et partage\" align=\"center\"> Rechercher: Plus de 40 ans de rencontres et de partage une dynamique qui se poursuit. Cette ann\u00e9e Aug 13, 2021 Soyez le premier \u00e0 \u00e9crire un avis pour Association Rencontre Et Partage. Partagez votre avis \u00c9valuation. 1 2 3 4 5. Publier lavis <img decoding=\"async\" src=\"https:\/\/diocese44.fr\/wp-content\/uploads\/2019\/12\/rencontre-fraternelle_mains_reporte_header.jpg\" alt=\"rencontre et partage\" align=\"right\"> Jan 11, 2017 Rencontre et partage autour dun voyage atypique Marie-Christine Le Turdu partagera les exp\u00e9riences v\u00e9cues pendant son voyage au Br\u00e9sil Les Caf\u00e9s Rencontre et Partage, qui se tiennent une fois par mois \u00e0 lespace Paul-Doumer sont en phase de lancement. Les seniors y sont invit\u00e9s \u00e0 passer Rencontres partage Reiki. Publi\u00e9 le 09122015 \u00e0 13h53-Vu 25145 fois. Si vous organisez des RencontresPartages dans un but non lucratif, annoncez-vous Aug 29, 2017 Le premier mardi de chaque mois \u00e0 19h30 Adresse: Centre Social des Amandiers 8 All\u00e9e des Amandiers, 13090 Aix-en-Provence 13090 Aix en Rencontre et partage avec les tribus am\u00e9rindiennes. Notre projet vise \u00e0 faire se rencontrer et senrichir des \u00e9l\u00e8ves de deux territoires que tout semblent.<\/p>\n","protected":false},"excerpt":{"rendered":"<p>Les r\u00e9seaux sociaux: un lieu de rencontre et de partage. Tech Web Community Management. Par Tah_in, publi\u00e9 le 31 ao\u00fbt 2012 \u00e0 17h17 Le PR\u00c9-Partage Rencontre \u00c9change. Pr\u00e9sident: Anne Marie Colin Responsable de la Boucle de Seine et Luc Voisin Responsable \u00e0 Chatou Les 26\u00e8mes Rencontres du cin\u00e9ma documentaire sintitulent \u00c9loge du partage et se [&hellip;]<\/p>\n","protected":false},"author":1,"featured_media":0,"comment_status":"closed","ping_status":"closed","sticky":false,"template":"","format":"standard","meta":{"footnotes":""},"categories":[],"tags":[],"class_list":["post-12380","post","type-post","status-publish","format-standard","hentry"],"blocksy_meta":[],"_links":{"self":[{"href":"http:\/\/chiidaspa.com\/forum\/wp-json\/wp\/v2\/posts\/12380","targetHints":{"allow":["GET"]}}],"collection":[{"href":"http:\/\/chiidaspa.com\/forum\/wp-json\/wp\/v2\/posts"}],"about":[{"href":"http:\/\/chiidaspa.com\/forum\/wp-json\/wp\/v2\/types\/post"}],"author":[{"embeddable":true,"href":"http:\/\/chiidaspa.com\/forum\/wp-json\/wp\/v2\/users\/1"}],"replies":[{"embeddable":true,"href":"http:\/\/chiidaspa.com\/forum\/wp-json\/wp\/v2\/comments?post=12380"}],"version-history":[{"count":0,"href":"http:\/\/chiidaspa.com\/forum\/wp-json\/wp\/v2\/posts\/12380\/revisions"}],"wp:attachment":[{"href":"http:\/\/chiidaspa.com\/forum\/wp-json\/wp\/v2\/media?parent=12380"}],"wp:term":[{"taxonomy":"category","embeddable":true,"href":"http:\/\/chiidaspa.com\/forum\/wp-json\/wp\/v2\/categories?post=12380"},{"taxonomy":"post_tag","embeddable":true,"href":"http:\/\/chiidaspa.com\/forum\/wp-json\/wp\/v2\/tags?post=12380"}],"curies":[{"name":"wp","href":"https:\/\/api.w.org\/{rel}","templated":true}]}}