{"id":12410,"date":"2022-11-14T01:03:18","date_gmt":"2022-11-14T01:03:18","guid":{"rendered":"http:\/\/chiidaspa.com\/forum\/?p=12410"},"modified":"2022-11-14T01:03:18","modified_gmt":"2022-11-14T01:03:18","slug":"rencontre-de-gaulle-adenauer","status":"publish","type":"post","link":"http:\/\/chiidaspa.com\/forum\/rencontre-de-gaulle-adenauer\/","title":{"rendered":"Rencontre de gaulle adenauer"},"content":{"rendered":"<p><img decoding=\"async\" src=\"https:\/\/i.la-croix.com\/729x486\/smart\/2012\/07\/08\/828599\/Charles-Gaulle-chancelier-allemand-Konrad-Adenauaer-sortie-cathedrale-Reims-8-juillet-1962-Angela-Merkel-Francois-Hollande-commemorent-cette-rencontre-assistant-messe-commune-cinquante-plus-tard_0.jpg\" alt=\"rencontre de gaulle adenauer\" align=\"left\"> <img decoding=\"async\" src=\"https:\/\/lejournal.cnrs.fr\/sites\/default\/files\/styles\/visuel_principal\/public\/assets\/images\/u1346266_72dpi.jpg\" alt=\"rencontre de gaulle adenauer\" align=\"center\"> <img decoding=\"async\" src=\"https:\/\/fr.shopping.rakuten.com\/photo\/nouvelle-republique-la-n-5019-du-15-03-1961-ordre-de-greve-belinda-lee-se-tue-sur-une-route-de-californie-rencontre-de-gaulle-adenauer-a-bonn-rene-coty-en-sicile-m-haag-inculpe-d-i-1623148523_ML.jpg\" alt=\"rencontre de gaulle adenauer\" align=\"right\"> Jul 8, 2012 PARIS AP Cinquante ans apr\u00e8s le g\u00e9n\u00e9ral de Gaulle et Konrad Adenauer, Fran\u00e7ois Hollande et Angela Merkel se retrouvent ce Nov 24, 2008 Quand de Gaulle a rencontr\u00e9 Adenauer, il \u00e9tait pr\u00e9sident de la R\u00e9publique et parlait au nom de la France. Lors de sa rencontre avec Hitler Sappuyant sur les similitudes de caract\u00e8re et de valeurs entre Charles de Gaulle et Konrad Adenauer, lexposition aborde notamment la rencontre du 14 15052013De Gaulle et Adenauer, une amiti\u00e9 franco-allemande. Le documentaire nous replonge au c\u0153ur de la rencontre historique des deux hommes en 1958 \u00e0 14 sept. De Gaulle, qui a \u00e9t\u00e9 prisonnier en Allemagne en, est germanophone, et le chancelier Adenauer est francophile. La rencontre est surtout Le 22 janvier 1963, le G\u00e9n\u00e9ral de Gaulle et le Chancelier Adenauer. Se rend le 26 novembre 1958 \u00e0 Bad Kreuznach pour une nouvelle rencontre avec Adenauer Jul 8, 2012 Chronologie des relations franco-allemandes de 1958 \u00e0 1963 1958 14 et 15 septembre Premi\u00e8re entrevue de Gaulle-Adenauer \u00e0 Une rencontre qui lui permet de rassurer le chancelier allemand quant \u00e0 ses. Le chancelier Adenauer et le g\u00e9n\u00e9ral de Gaulle cherchent alors \u00e0 graver dans Jan 22, 2013 FRANCE-ALLEMAGNE-Konrad Adenauer et Charles de Gaulle en pleine conversation \u00e0. Le 15 septembre 1958, lors de leur premi\u00e8re rencontre De Gaulle se rend \u00e0 Bad Kreuznach pour une nouvelle rencontre avec. Adenauer: il accorde son soutien face aux menaces de Krouchtchev dirig\u00e9es contre Berlin Sep 13, 2019 Ils ont particip\u00e9 \u00e0 des ateliers et \u00e0 un concert du duo hip hop franco-allemand Zweierpasch prix de Gaulle-Adenauer, \u00e0 une rencontre avec Suite \u00e0 son investiture comme pr\u00e9sident du Conseil, le 1er juin 1958, cest \u00e0 ce titre que le g\u00e9n\u00e9ral de Gaulle re\u00e7oit le chancelier allemand Konrad Le 22 janvier 1963, le G\u00e9n\u00e9ral de Gaulle et le Chancelier Adenauer. Les Ministres des Affaires \u00e9trang\u00e8res seront repr\u00e9sent\u00e9s \u00e0 ces rencontres pour Januar 1963 von Bundeskanzler Konrad Adenauer und vom franz\u00f6sischen Staats-pr\u00e4sidenten Charles de Gaulle im Pariser \u00c9lys\u00e9e-Palast unterzeichnet Sep 13, 2018 LES ARCHIVES DU FIGARO-Il y a 60 ans, le g\u00e9n\u00e9ral de Gaulle re\u00e7oit le chancelier allemand Adenauer en priv\u00e9 \u00e0 Colombey-les-Deux-\u00c9glises Lass\u00e9 de lingratitude des Fran\u00e7ais, le g\u00e9n\u00e9ral de Gaulle prend des vacances au bord de la mer. Une s\u00e9rie d Apr 8, 2012 Les rencontres De Gaulle-Adenauer, r\u00e9conciliation ou mariage de raison. Par Georges-Henri Soutou. Dans la s\u00e9rie Les Le\u00e7ons de lHistoire Nov 5, 2006 On fait souvent na\u00eetre le couple franco-allemand des rencontres De Gaulle-Adenauer de janvier 1963. Mais le rapprochement politique D\u00e8s leur premi\u00e8re rencontre ils se sont fix\u00e9 un but qui paraissait hors datteinte \u00e0 la g\u00e9n\u00e9ration marqu\u00e9e par la derni\u00e8re guerre, \u00e0 savoir la r\u00e9conciliation Je me souviens \u00e0 cet \u00e9gard, jy \u00e9tais, de sa rencontre avec Pierre. Chancelier Adenauer et le g\u00e9n\u00e9ral de Gaulle-il sut donner \u00e0 ce-rapport entre deux.<\/p>\n","protected":false},"excerpt":{"rendered":"<p>Jul 8, 2012 PARIS AP Cinquante ans apr\u00e8s le g\u00e9n\u00e9ral de Gaulle et Konrad Adenauer, Fran\u00e7ois Hollande et Angela Merkel se retrouvent ce Nov 24, 2008 Quand de Gaulle a rencontr\u00e9 Adenauer, il \u00e9tait pr\u00e9sident de la R\u00e9publique et parlait au nom de la France. Lors de sa rencontre avec Hitler Sappuyant sur les similitudes [&hellip;]<\/p>\n","protected":false},"author":1,"featured_media":0,"comment_status":"closed","ping_status":"closed","sticky":false,"template":"","format":"standard","meta":{"footnotes":""},"categories":[],"tags":[],"class_list":["post-12410","post","type-post","status-publish","format-standard","hentry"],"blocksy_meta":{"styles_descriptor":{"styles":{"desktop":"","tablet":"","mobile":""},"google_fonts":[],"version":6}},"_links":{"self":[{"href":"http:\/\/chiidaspa.com\/forum\/wp-json\/wp\/v2\/posts\/12410","targetHints":{"allow":["GET"]}}],"collection":[{"href":"http:\/\/chiidaspa.com\/forum\/wp-json\/wp\/v2\/posts"}],"about":[{"href":"http:\/\/chiidaspa.com\/forum\/wp-json\/wp\/v2\/types\/post"}],"author":[{"embeddable":true,"href":"http:\/\/chiidaspa.com\/forum\/wp-json\/wp\/v2\/users\/1"}],"replies":[{"embeddable":true,"href":"http:\/\/chiidaspa.com\/forum\/wp-json\/wp\/v2\/comments?post=12410"}],"version-history":[{"count":0,"href":"http:\/\/chiidaspa.com\/forum\/wp-json\/wp\/v2\/posts\/12410\/revisions"}],"wp:attachment":[{"href":"http:\/\/chiidaspa.com\/forum\/wp-json\/wp\/v2\/media?parent=12410"}],"wp:term":[{"taxonomy":"category","embeddable":true,"href":"http:\/\/chiidaspa.com\/forum\/wp-json\/wp\/v2\/categories?post=12410"},{"taxonomy":"post_tag","embeddable":true,"href":"http:\/\/chiidaspa.com\/forum\/wp-json\/wp\/v2\/tags?post=12410"}],"curies":[{"name":"wp","href":"https:\/\/api.w.org\/{rel}","templated":true}]}}