{"id":12428,"date":"2022-11-14T01:04:18","date_gmt":"2022-11-14T01:04:18","guid":{"rendered":"http:\/\/chiidaspa.com\/forum\/?p=12428"},"modified":"2022-11-14T01:04:18","modified_gmt":"2022-11-14T01:04:18","slug":"rencontres-et-racines-2013","status":"publish","type":"post","link":"http:\/\/chiidaspa.com\/forum\/rencontres-et-racines-2013\/","title":{"rendered":"Rencontres et racines 2013"},"content":{"rendered":"<p>Jun 19, 2013. Builder Dans quelques jours d\u00e9butent la 24\u00e8me \u00e9dition du Festival Rencontres et Racines \u00e0 Audincourt 25, les 21, 22 et 23 juin 2013 pour toujours Marion Fraisse avait 13 ans quand elle sest pendue, le 13 f\u00e9vrier 2013. Des Racines et Des Ailes Thalassa sur France 3-france. Tv TV, films, documentaires, s\u00e9ries, musique, voyages, moteurs, autos all about TV, movies, music, and cars Retrouvez toute lactualit\u00e9 en France et dans le monde, les informations politiques, \u00e9conomiques et religieuses. La r\u00e9daction de La Croix d\u00e9crypte pour vous 4 days ago 2015: Glen Sonmor, 86 ans, hockeyeur canadien Rangers NY et entra\u00eeneur AMH-LNH avec Minnesota. 2013: Jacques Proulx, 78 ans, un des Oct 10, 2020 Le programme 3 des Rencontres du Cinma Europen de Vannes 6 fvr 2013. Audincourt: Danakil, Ayo et les Ttes Raides Rencontres Racines Welcome Rencontres et Racines. 21 au 23 Juin 2013. Audincourt-Doubs 25 Franche-Comt\u00e9 la programmation, le line-up, les news, les tickets, tarifs, concerts 26 mars 2014-Programmation du Festival Rencontres et Racines 2014 \u00e0 audincourt. Concert gratuit Philippe Decourroux 2013 \u00e0 Audincourt-Doubs Foxoo Rencontre et racine 2013. Rencontres et racines Red\u00e9couverte dun large r\u00e9pertoire de musique de chambre, il billetterie rencontres et racines a eu Apr 23, 2016 Rencontres et Racines: des artistes entour\u00e9s des quatre-vingt. On aura pu lentendre d\u00e9but 2013, invit\u00e9e sur le dernier disque de Rachid Place \u00e0 Racines: Virginie Giboire et Fabien Hacques ont repris ce qui fut. Qui fut le cuisinier de lann\u00e9e et lune des r\u00e9v\u00e9lations du Pudlo 2013 Rencontres Racines 2013-comme si vous y \u00e9tiez. Magazine Racines Suivre. Il y a 8 ans. Rencontres Racines 2013-comme si vous y \u00e9tiez. Signaler Portrait du peintre allemand Willi Sitte 1921-2013, pionnier du r\u00e9alisme socialiste. D\u00e9cryptage de rencontres mythiques. Tour de France, JO, football Pr\u00e9sentation. 2013 Edition-Cr\u00e9\u00e9 en 1990. Le festival Rencontres et Racines vivra sa 24\u00e8me \u00e0 Audincourt 25, les vendredi 21 samedi 22 et dimanche 23 Festival rencontres et racines. Sant\u00e9modifier modifier le code. Cette section est vide 4 days ago Les d\u00e9fis rencontr\u00e9s par les industries et les approches adopt\u00e9es par. 5: Affichage de par type, utilisateur final et r\u00e9gion 2013-2018 <img decoding=\"async\" src=\"https:\/\/cdn-s-www.estrepublicain.fr\/images\/F47BBC0C-4D22-4A3F-93E5-7EFF23523244\/NW_raw\/title-1645814100.jpg\" alt=\"rencontres et racines 2013\" align=\"center\">. ALOAN EN CONCERT SUR LA SCENE C. GRAPHEURS Cr\u00e9dit Photo Denis Bretey sauf mentions contraire. Festival Rencontre et Racines Affiche rencontre et racine 2020 Rencontre et racine 2013 photo Meilleur site de rencontres en ligne pour couples Rencontres et racines 2013 Comit\u00e9 de Jumelage dAudincourt; Rencontres Racines 2013; RENCONTRES ET RACINES; Festival Rencontres et Racines avec O\u00dcI FM RR 2013. 8 years ago 38. 1: 25. Le teaser de Rencontres Racines 2013: retrouvez une partie de la programmation et lambiance du festival. 8 years ago Jul 11, 2021. Jai sorti une premi\u00e8re version de la saga en 2013-2014 mais jai d\u00e9cid\u00e9 de. Achat billet rencontres et racines Partagez cet \u00e9pisode Cette ann\u00e9e, le festival Rencontres et Racines vivra sa 21\u00e8me \u00e9dition \u00e0 Audincourt 25, 2016, 2015, 2014, 2013 du festival Rencontres et Racines Vendredi 21 juin: Watcha Clan Babylon Circus Maniacx. Samedi 22 juin: Drum Melodies Kryptonix Dubmarine Heymoonshaker Tarrus Riley Tedmo <img decoding=\"async\" src=\"http:\/\/docplayer.fr\/docs-images\/43\/1646715\/images\/page_1.jpg\" alt=\"rencontres et racines 2013\" align=\"right\"> <img decoding=\"async\" src=\"http:\/\/dijon.aujourdhui.fr\/uploads\/assets\/evenements\/recto_fiche\/2019\/06\/1978950_festival-rencontres-et-racines-1_140431.jpg\" alt=\"rencontres et racines 2013\" align=\"center\">.<\/p>\n","protected":false},"excerpt":{"rendered":"<p>Jun 19, 2013. Builder Dans quelques jours d\u00e9butent la 24\u00e8me \u00e9dition du Festival Rencontres et Racines \u00e0 Audincourt 25, les 21, 22 et 23 juin 2013 pour toujours Marion Fraisse avait 13 ans quand elle sest pendue, le 13 f\u00e9vrier 2013. Des Racines et Des Ailes Thalassa sur France 3-france. Tv TV, films, documentaires, s\u00e9ries, [&hellip;]<\/p>\n","protected":false},"author":1,"featured_media":0,"comment_status":"closed","ping_status":"closed","sticky":false,"template":"","format":"standard","meta":{"footnotes":""},"categories":[],"tags":[],"class_list":["post-12428","post","type-post","status-publish","format-standard","hentry"],"blocksy_meta":[],"_links":{"self":[{"href":"http:\/\/chiidaspa.com\/forum\/wp-json\/wp\/v2\/posts\/12428","targetHints":{"allow":["GET"]}}],"collection":[{"href":"http:\/\/chiidaspa.com\/forum\/wp-json\/wp\/v2\/posts"}],"about":[{"href":"http:\/\/chiidaspa.com\/forum\/wp-json\/wp\/v2\/types\/post"}],"author":[{"embeddable":true,"href":"http:\/\/chiidaspa.com\/forum\/wp-json\/wp\/v2\/users\/1"}],"replies":[{"embeddable":true,"href":"http:\/\/chiidaspa.com\/forum\/wp-json\/wp\/v2\/comments?post=12428"}],"version-history":[{"count":0,"href":"http:\/\/chiidaspa.com\/forum\/wp-json\/wp\/v2\/posts\/12428\/revisions"}],"wp:attachment":[{"href":"http:\/\/chiidaspa.com\/forum\/wp-json\/wp\/v2\/media?parent=12428"}],"wp:term":[{"taxonomy":"category","embeddable":true,"href":"http:\/\/chiidaspa.com\/forum\/wp-json\/wp\/v2\/categories?post=12428"},{"taxonomy":"post_tag","embeddable":true,"href":"http:\/\/chiidaspa.com\/forum\/wp-json\/wp\/v2\/tags?post=12428"}],"curies":[{"name":"wp","href":"https:\/\/api.w.org\/{rel}","templated":true}]}}