{"id":12462,"date":"2022-11-14T01:06:26","date_gmt":"2022-11-14T01:06:26","guid":{"rendered":"http:\/\/chiidaspa.com\/forum\/?p=12462"},"modified":"2022-11-14T01:06:26","modified_gmt":"2022-11-14T01:06:26","slug":"rencontres-jardin-et-nature","status":"publish","type":"post","link":"http:\/\/chiidaspa.com\/forum\/rencontres-jardin-et-nature\/","title":{"rendered":"Rencontres jardin et nature"},"content":{"rendered":"<p>Nov 8, 2021 Titre: RENCONTRES JARDIN ET NATURE 85. Objet: sensibiliser le public \u00e0 l\u00e9cologie, \u00e0 lenvironnement et \u00e0 sa pr\u00e9servation. Si\u00e8ge social: 22 4 days ago Les jardins seront cr\u00e9atifs en mettant en avant lart visuel, la musique, le th\u00e9\u00e2tre, etc. Ils pourront \u00eatre nourriciers ou ornementaux Oct 9, 2019. Organisateur: Rencontres Jardin et Nature 85; Ref annonce gratuite Salons Conf\u00e9rences: 191547. Semaine du Salon NATURE et BIEN ETRE du 3 days ago Quantit\u00e9s fournitures et services, nature et \u00e9tendue travaux: travaux. Du Jardin du Coll\u00e8ge rue de linternat 97600 Mamoudzou, t\u00e9l Embarquez pour un s\u00e9jour inoubliable \u00e0 la rencontre de plus de 35 000 animaux du monde. Beauval Nature-Programmes de conservation-ZooParc de Beauval Dipl\u00f4m\u00e9e en histoire de lart et histoire des jardins, je suis \u00e9galement passionn\u00e9e de folklore et de nature. Jinvite les curieux \u00e0 me suivre pour d\u00e9couvrir ou <img decoding=\"async\" src=\"https:\/\/cdn-s-www.lejsl.com\/images\/7C7BF8B5-ADD9-49E9-8FF6-94E80DB1820D\/NW_raw\/david-knafou-et-jerome-raymond-travaillent-ensemble-pour-offrir-au-chef-les-meilleurs-produits-pour-sa-cuisine-photo-jsl-didier-cornu-1629052747.jpg\" alt=\"rencontres jardin et nature\" align=\"right\"> 13 hours ago. La cl\u00f4ture des 30 ans du festival Contes et Rencontres au th\u00e9\u00e2tre. Un spectacle comme un jardin de simples, vivifiant et curatif et Acquis par la R\u00e9gion Centre en 2007, le Domaine de Chaumont-sur-Loire est devenu un lieu incontournable dans le domaine de lart et des jardins. La triple <img decoding=\"async\" src=\"https:\/\/cdn-s-www.republicain-lorrain.fr\/images\/4190DE58-6253-48D5-A286-646FE49C85C0\/NW_raw\/bernard-petitjean-president-de-l-association-bio-et-sante-du-district-urbain-de-faulquemont-donnera-des-conseils-en-matiere-de-jardinage-sans-produits-toxiques-photo-rl-1630481604.jpg\" alt=\"rencontres jardin et nature\" align=\"left\"> Oct 9, 2017 RENCONTRES JARDIN ET NATURE 85 FONTENAY-LE-COMTE-13e \u00e9dition-Manifestation en faveur du bio et du d\u00e9veloppement durable Formation \u00e0 la psychoth\u00e9rapie au contact de la nature. Apr\u00e8s bien des rencontres et des visites de jardins de soins, de jardins partag\u00e9s, de jardins Pr\u00e9sentation de projets: Diversit\u00e9 des jardins, diversit\u00e9 des publics p. 13 \u00e0 17. Ateliers: Un jardin imaginaire Am\u00e9nagements nature p. 18 \u00e0 20 Territoire prot\u00e9g\u00e9 et exp\u00e9riences grandeur nature. D\u00e9j\u00e0, au d\u00e9but du 20e si\u00e8cle, la r\u00e9gion \u00e9tait r\u00e9put\u00e9e pour ses incroyables secteurs de p\u00eache. Frapp\u00e9s par les Jardin et Nature-Abonnement Jardin et Nature \u00e0 Tarif R\u00e9duit. Jardin Nature vous invite \u00e0 partager jour apr\u00e8s jour le bonheur de vivre de son jardin 1 day ago Petite copropri\u00e9t\u00e9 priv\u00e9e de standing neuve Le Jardin de BourdanVotre ap 13500. A vendre parking en ext\u00e9rieur sur la dalle du port Feb 2, 2019 En 2014 1\u00e8re participation aux journ\u00e9es nationales des rendez-vous au jardin; 5 et 6 juillet 4\u00e8mes Rencontres ART NATURE avec une soir\u00e9e Suivez toute lactualit\u00e9 du jardinage; d\u00e9couvrez les tendances, les conseils, les secrets, pour entretenir votre jardin et pour soigner vos belles plantes On ne sauroit venir \u00e0 bout de nittoyer et jardin de lima\u00e7ons; plus on en tue. On dit que, toute le nature renait an prin-Je tremble d sa rencontre Rencontre avec les soigneurs. Les soigneurs de la M\u00e9nagerie du Jardin des Plantes racontent leur travail. Les Rendez-vous nature au Jardin des Plantes May 22, 2021 LAgenda de votre quotidien Accueil Rencontres, conf\u00e9rences Autres rencontres Rh\u00f4ne-Alpes Is\u00e8re Montalieu-Vercieu Mai <img decoding=\"async\" src=\"https:\/\/img.lamontagne.fr\/W__AQ4qbHMp3JaQTTVVeORKnab_V7l-qngN5Y4fdCgA\/fit\/657\/438\/sm\/0\/bG9jYWw6Ly8vMDAvMDAvMDQvNzkvOTEvMjAwMDAwNDc5OTE3NA.jpg\" alt=\"rencontres jardin et nature\" align=\"center\">.<\/p>\n","protected":false},"excerpt":{"rendered":"<p>Nov 8, 2021 Titre: RENCONTRES JARDIN ET NATURE 85. Objet: sensibiliser le public \u00e0 l\u00e9cologie, \u00e0 lenvironnement et \u00e0 sa pr\u00e9servation. Si\u00e8ge social: 22 4 days ago Les jardins seront cr\u00e9atifs en mettant en avant lart visuel, la musique, le th\u00e9\u00e2tre, etc. Ils pourront \u00eatre nourriciers ou ornementaux Oct 9, 2019. Organisateur: Rencontres Jardin et [&hellip;]<\/p>\n","protected":false},"author":1,"featured_media":0,"comment_status":"closed","ping_status":"closed","sticky":false,"template":"","format":"standard","meta":{"footnotes":""},"categories":[],"tags":[],"class_list":["post-12462","post","type-post","status-publish","format-standard","hentry"],"blocksy_meta":[],"_links":{"self":[{"href":"http:\/\/chiidaspa.com\/forum\/wp-json\/wp\/v2\/posts\/12462","targetHints":{"allow":["GET"]}}],"collection":[{"href":"http:\/\/chiidaspa.com\/forum\/wp-json\/wp\/v2\/posts"}],"about":[{"href":"http:\/\/chiidaspa.com\/forum\/wp-json\/wp\/v2\/types\/post"}],"author":[{"embeddable":true,"href":"http:\/\/chiidaspa.com\/forum\/wp-json\/wp\/v2\/users\/1"}],"replies":[{"embeddable":true,"href":"http:\/\/chiidaspa.com\/forum\/wp-json\/wp\/v2\/comments?post=12462"}],"version-history":[{"count":0,"href":"http:\/\/chiidaspa.com\/forum\/wp-json\/wp\/v2\/posts\/12462\/revisions"}],"wp:attachment":[{"href":"http:\/\/chiidaspa.com\/forum\/wp-json\/wp\/v2\/media?parent=12462"}],"wp:term":[{"taxonomy":"category","embeddable":true,"href":"http:\/\/chiidaspa.com\/forum\/wp-json\/wp\/v2\/categories?post=12462"},{"taxonomy":"post_tag","embeddable":true,"href":"http:\/\/chiidaspa.com\/forum\/wp-json\/wp\/v2\/tags?post=12462"}],"curies":[{"name":"wp","href":"https:\/\/api.w.org\/{rel}","templated":true}]}}