{"id":12530,"date":"2022-11-14T01:10:05","date_gmt":"2022-11-14T01:10:05","guid":{"rendered":"http:\/\/chiidaspa.com\/forum\/?p=12530"},"modified":"2022-11-14T01:10:05","modified_gmt":"2022-11-14T01:10:05","slug":"rencontre-de-gaulle-adenauer-2","status":"publish","type":"post","link":"http:\/\/chiidaspa.com\/forum\/rencontre-de-gaulle-adenauer-2\/","title":{"rendered":"Rencontre de gaulle adenauer"},"content":{"rendered":"<p><img decoding=\"async\" src=\"https:\/\/static.lpnt.fr\/images\/2018\/09\/13\/16907518lpw-16907729-article-france-charles-de-gaulle-konrad-adenauer-allemagne-jpg_5564907_660x281.jpg\" alt=\"rencontre de gaulle adenauer\" align=\"center\"> Sep 13, 2018 Le 14 septembre 1958, le g\u00e9n\u00e9ral de Gaulle re\u00e7oit le chancelier allemand Konrad Adenauer dans sa r\u00e9sidence priv\u00e9e de la Boisserie Monument comm\u00e9morant Charles de Gaulle et Konrad Adenauer. Lamiti\u00e9 franco-allemande fait un premier pas d\u00e9cisif le 9 mai 1950 lorsque le chancelier Konrad Nov 15, 2012. Le chancelier allemand Konrad Adenauer et le g\u00e9n\u00e9ral de Gaulle. Engag\u00e9 dans des programmes de rencontres destin\u00e9es \u00e0 acc\u00e9l\u00e9rer le Le jeudi 5 juillet, au nom du Mouvement de la paix, Jean Vancrayenest, militant catholique ouvrier, membre du PSU, proteste contre la visite du chancelier La Champagne a toujours \u00e9t\u00e9 un carrefour de peuples. En de\u00e7\u00e0 des Ardennes, des hommes tr\u00e8s diff\u00e9rents se sont rencontr\u00e9s, se sont affront\u00e9s, se sont battus, n By M Va\u00efsse 1993 Cited by 17 Franco-German Reconciliation: Dialogue Between de Gaulle and Adenauer, Au cours de P\u00e9t\u00e9 1958, de Gaulle rencontre les principaux responsables \u00e9trangers Aug 7, 2015 Dans ce petit village de Haute-Marne, le g\u00e9n\u00e9ral de Gaulle et sa famille. Par le chancelier allemand Adenauer lors de sa visite, en 1958 Jul 8, 2012 Cinquante ans apr\u00e8s la rencontre De Gaulle-Adenauer le 8 juillet 1962 dans la m\u00eame ville, un temps fort de la r\u00e9conciliation entre deux pays A peine revenu aux affaires apr\u00e8s les \u00e9v\u00e9nements de mai 1958, le g\u00e9n\u00e9ral de Gaulle invite le chancelier Adenauer dans sa r\u00e9sidence priv\u00e9e de <img decoding=\"async\" src=\"https:\/\/francearchives.fr\/fr\/file\/7658065a0494494b6c244c85b73b7b2e10981288\/static_6447.jpeg\" alt=\"rencontre de gaulle adenauer\" align=\"center\"> A la rencontre de la jeunesse allemande. Rubrique RECHERCHEJEUNESSEALLEMANDE. 1977 Prix France-Allemagne 1989 Prix Charles de Gaulle-Konrad Adenauer Mais non, il sagissait tout simplement de la r\u00e9cente rencontre de De Gaulle Adenauer. Je navais pas pens\u00e9, mavait-il dit avec gravit\u00e9, quil f\u00fbt possible May 17, 2014 Konrad Adenauer est re\u00e7u par Charles de Gaulle \u00e0 la Boisserie. Quinze rencontres jalonneront ensuite lhistoire de ce nouveau couple Jul 9, 2012 Cinquante ans apr\u00e8s la rencontre De Gaulle-Adenauer le 8 juillet 1962 dans la m\u00eame ville, un temps fort de la r\u00e9conciliation entre deux pays La symbolique des rencontres Adenauer-De Gaulle 1958-1963. Conf\u00e9rence de Corine Defrance et Ulrich Pfeil 25. April 2017 19: 30 Veranstaltungs-Infos. La 44Apr\u00e8s la rencontre de Colombey, Konrad Adenauer constate avec soulagement que, selon de Gaulle, la menace vient de lURSS et <img decoding=\"async\" src=\"http:\/\/eurojournalist.eu\/wp-content\/uploads\/2017\/01\/OK-Elysee-Bundesarchiv-B-145-Bild-P106816-Inconnuwikidata-Q4233718-CCBYSA-30.jpg\" alt=\"rencontre de gaulle adenauer\" align=\"left\"> 15052013De Gaulle et Adenauer, une amiti\u00e9 franco-allemande. Le documentaire nous replonge au c\u0153ur de la rencontre historique des deux hommes en 1958 \u00e0 Sep 13, 2018 LES ARCHIVES DU FIGARO-Il y a 60 ans, le g\u00e9n\u00e9ral de Gaulle re\u00e7oit le chancelier allemand Adenauer en priv\u00e9 \u00e0 Colombey-les-Deux-\u00c9glises Adenauer est, depuis 1949, le premier Chancelier de la RFA. Rh\u00e9nan, \u00e2g\u00e9 de 82 ans, il est pr\u00e9sident du parti d\u00e9mocrate chr\u00e9tien CDU depuis 1950. Destitu\u00e9 d\u00e8s si\u00e8cle et une rencontre avec Charles de Gaulle dans son intimit\u00e9. Dans sa demeure familiale le chancelier Konrad Adenauer en septembre 1958 De Gaulle a racont\u00e9 dans ses M\u00e9moires la premi\u00e8re rencontre avec le chancelier Adenauer, dans sa r\u00e9sidence priv\u00e9e de la Boisserie, le 14 septembre 1958 Jan 18, 2013 Je regrette seulement qu\u00e0 chaque rencontre, celle de Gaulle et Adenauer, puis Mitterrand-Kohl et Sarkozy-Merkel, un 11 novembre Jul 9, 2012 C inquante ans apr\u00e8s la rencontre De Gaulle-Adenauer le 8 juillet 1962 dans la m\u00eame ville, un temps fort de la r\u00e9conciliation entre deux By P Collowald 2012 Tout simplement, parce que, depuis le mois de juillet 2012, avec les c\u00e9r\u00e9monies de Reims, \u00e9voquant la rencontre de Gaulle Adenauer du 8 juillet 1962.<\/p>\n","protected":false},"excerpt":{"rendered":"<p>Sep 13, 2018 Le 14 septembre 1958, le g\u00e9n\u00e9ral de Gaulle re\u00e7oit le chancelier allemand Konrad Adenauer dans sa r\u00e9sidence priv\u00e9e de la Boisserie Monument comm\u00e9morant Charles de Gaulle et Konrad Adenauer. Lamiti\u00e9 franco-allemande fait un premier pas d\u00e9cisif le 9 mai 1950 lorsque le chancelier Konrad Nov 15, 2012. Le chancelier allemand Konrad Adenauer [&hellip;]<\/p>\n","protected":false},"author":1,"featured_media":0,"comment_status":"closed","ping_status":"closed","sticky":false,"template":"","format":"standard","meta":{"footnotes":""},"categories":[],"tags":[],"class_list":["post-12530","post","type-post","status-publish","format-standard","hentry"],"blocksy_meta":[],"_links":{"self":[{"href":"http:\/\/chiidaspa.com\/forum\/wp-json\/wp\/v2\/posts\/12530","targetHints":{"allow":["GET"]}}],"collection":[{"href":"http:\/\/chiidaspa.com\/forum\/wp-json\/wp\/v2\/posts"}],"about":[{"href":"http:\/\/chiidaspa.com\/forum\/wp-json\/wp\/v2\/types\/post"}],"author":[{"embeddable":true,"href":"http:\/\/chiidaspa.com\/forum\/wp-json\/wp\/v2\/users\/1"}],"replies":[{"embeddable":true,"href":"http:\/\/chiidaspa.com\/forum\/wp-json\/wp\/v2\/comments?post=12530"}],"version-history":[{"count":0,"href":"http:\/\/chiidaspa.com\/forum\/wp-json\/wp\/v2\/posts\/12530\/revisions"}],"wp:attachment":[{"href":"http:\/\/chiidaspa.com\/forum\/wp-json\/wp\/v2\/media?parent=12530"}],"wp:term":[{"taxonomy":"category","embeddable":true,"href":"http:\/\/chiidaspa.com\/forum\/wp-json\/wp\/v2\/categories?post=12530"},{"taxonomy":"post_tag","embeddable":true,"href":"http:\/\/chiidaspa.com\/forum\/wp-json\/wp\/v2\/tags?post=12530"}],"curies":[{"name":"wp","href":"https:\/\/api.w.org\/{rel}","templated":true}]}}