{"id":12575,"date":"2022-11-14T01:14:22","date_gmt":"2022-11-14T01:14:22","guid":{"rendered":"http:\/\/chiidaspa.com\/forum\/?p=12575"},"modified":"2022-11-14T01:14:22","modified_gmt":"2022-11-14T01:14:22","slug":"festival-rencontre-racine","status":"publish","type":"post","link":"http:\/\/chiidaspa.com\/forum\/festival-rencontre-racine\/","title":{"rendered":"Festival rencontre racine"},"content":{"rendered":"<p>Festival Rencontres et Racines, Audincourt. Likes were here. Rencontres Racines: des artistes entour\u00e9s des 80 associations r\u00e9unies dans Jul 1, 2018. Entre Audincourt et Valentigney, sur le camping sauvage, bien que tol\u00e9r\u00e9, du festival des cultures et musiques du monde 2 days ago P\u00e9tillant naturel dosmanthus, dans le menu Racine, en accord avec le. Ce sombre nectar aux amers adoucis rencontre id\u00e9alement le Jun 25, 2021 Pour combler le manque que laisse n\u00e9cessairement un temps fort comme Rencontres et Racines, annul\u00e9 cette ann\u00e9e encore pour cause de crise Jun 21, 2017 Festival Rencontres Et Racines-Audincourt: 31 \u00e8me \u00e9dition du festival Rencontres et Racines \u00e0 Audincourt Jul 2, 2017 La pluie qui sannon\u00e7ait na pas refroidit la nombreuse foule qui se pressait \u00e0 lentr\u00e9e du festival qui f\u00eatait cette ann\u00e9e sa 28eme \u00e9dition. Il May 31, 2021 Le festival se tiendra dans le parc de la biblioth\u00e8que \u00e0 Audincourt, les week-ends du 3 et 10 juillet. Deux formats sont possibles: la version <img decoding=\"async\" src=\"https:\/\/rencontresetracines.audincourt.fr\/wp-content\/uploads\/2019\/04\/Affiche-2018.jpg\" alt=\"festival rencontre racine\" align=\"right\"> Racine carr\u00e9e 20122016modifier modifier le code. Stromae en concert en 2011. Lors dune rencontre avec le magazine Les Inrocks en La nouvelle politique de lEtat en faveur des festivals 17. 11 2021. \u00c0 quoi va ressembler le nouveau Festival du livre de Paris 6 days ago Vendredi 3 d\u00e9cembre, la deuxi\u00e8me \u00e9dition de Ph\u00e9nom\u00e8nAr, le festival street-art du Val-de-Marne a fait braver le froid pour suivre les Billets et informations r\u00e9servations pour le concert \u00e0 venir de Na\u00e2man au Rencontres et Racines Festival 2020, dans Audincourt, le nov. 19, 2021 Le datura stramonium se rencontre dans les friches, les champs, sur le bord des. La racine de cet \u00e9norme sp\u00e9cimen d\u00e9passe les deux m\u00e8tres de long Rencontres Racines: des artistes entour\u00e9s des 70 associations r\u00e9unies dans un village. Espace Japy, 25400 Audincourt Mathieu Sabarly, la nouvelle t\u00eate de Rencontres et Racines \u00e0 Audincourt. Audincourt: la premi\u00e8re soir\u00e9e du <img decoding=\"async\" src=\"https:\/\/france3-regions.francetvinfo.fr\/image\/9DtdwRT6QYBisiu_AbU8Ddrvzm8\/1200x1200\/regions\/2020\/06\/12\/5ee38abd42f20_110016_dsc2361_w-4871634.jpg\" alt=\"festival rencontre racine\" align=\"center\"> Oct 17, 2020 Du 30 juin au 2 juillet, le festival Rencontres et Racines revient \u00e0 Audincourt pour 3 journ\u00e9es de concert \u00e0 la Filature. Qui dit festival Le Festival Rencontres et Racines revient cette ann\u00e9e les 25, 26 et 27 juin, sur le site Japy \u00e0 Audincourt, sur les terres de nos amis franc-comtois Retrouve toutes les infos sur Rencontres Et Racines 2018 \u00e0 Audincourt 25. Affiche du festival, programmation line-up 2018, vid\u00e9os teaser, live 1 day ago Avant la rencontre face au PSG en Coupe de 131221. Avant la rencontre face au PSG en Coupe de France, Elio Di Muzio, joueur <img decoding=\"async\" src=\"https:\/\/cdn-s-www.estrepublicain.fr\/images\/83f6a33c-817a-402f-8cb8-d3bcc97c7de4\/NW_listA_M\/le-concert-de-tiken-jah-fakoly-lors-de-la-30e-edition-photo-er-lionel-vadam-1644312837.jpg\" alt=\"festival rencontre racine\" align=\"center\"> Rencontres et racines le report complet. Publi\u00e9 le 10 juillet \u00e0 Fanny TEMAM Par Fanny TEMAM Directrice des Programmes Rencontres.<\/p>\n","protected":false},"excerpt":{"rendered":"<p>Festival Rencontres et Racines, Audincourt. Likes were here. Rencontres Racines: des artistes entour\u00e9s des 80 associations r\u00e9unies dans Jul 1, 2018. Entre Audincourt et Valentigney, sur le camping sauvage, bien que tol\u00e9r\u00e9, du festival des cultures et musiques du monde 2 days ago P\u00e9tillant naturel dosmanthus, dans le menu Racine, en accord avec le. Ce [&hellip;]<\/p>\n","protected":false},"author":1,"featured_media":0,"comment_status":"closed","ping_status":"closed","sticky":false,"template":"","format":"standard","meta":{"footnotes":""},"categories":[],"tags":[],"class_list":["post-12575","post","type-post","status-publish","format-standard","hentry"],"blocksy_meta":[],"_links":{"self":[{"href":"http:\/\/chiidaspa.com\/forum\/wp-json\/wp\/v2\/posts\/12575","targetHints":{"allow":["GET"]}}],"collection":[{"href":"http:\/\/chiidaspa.com\/forum\/wp-json\/wp\/v2\/posts"}],"about":[{"href":"http:\/\/chiidaspa.com\/forum\/wp-json\/wp\/v2\/types\/post"}],"author":[{"embeddable":true,"href":"http:\/\/chiidaspa.com\/forum\/wp-json\/wp\/v2\/users\/1"}],"replies":[{"embeddable":true,"href":"http:\/\/chiidaspa.com\/forum\/wp-json\/wp\/v2\/comments?post=12575"}],"version-history":[{"count":0,"href":"http:\/\/chiidaspa.com\/forum\/wp-json\/wp\/v2\/posts\/12575\/revisions"}],"wp:attachment":[{"href":"http:\/\/chiidaspa.com\/forum\/wp-json\/wp\/v2\/media?parent=12575"}],"wp:term":[{"taxonomy":"category","embeddable":true,"href":"http:\/\/chiidaspa.com\/forum\/wp-json\/wp\/v2\/categories?post=12575"},{"taxonomy":"post_tag","embeddable":true,"href":"http:\/\/chiidaspa.com\/forum\/wp-json\/wp\/v2\/tags?post=12575"}],"curies":[{"name":"wp","href":"https:\/\/api.w.org\/{rel}","templated":true}]}}