{"id":12673,"date":"2022-11-14T01:21:36","date_gmt":"2022-11-14T01:21:36","guid":{"rendered":"http:\/\/chiidaspa.com\/forum\/?p=12673"},"modified":"2022-11-14T01:21:36","modified_gmt":"2022-11-14T01:21:36","slug":"rencontrer-le-pape-au-vatican","status":"publish","type":"post","link":"http:\/\/chiidaspa.com\/forum\/rencontrer-le-pape-au-vatican\/","title":{"rendered":"Rencontrer le pape au vatican"},"content":{"rendered":"<p>Si vous souhaitez avoir la chance de rencontrer le Pape au Vatican, il vous faudra obtenir un rendez-vous, et il se trouve que les places prioritaires pour les <img decoding=\"async\" src=\"https:\/\/cdn.unitycms.io\/image\/ocroped\/1200,1200,1000,1000,0,0\/VIow4C0Dahs\/54WmxIfgqzT8DlSzYeCFuG.jpg\" alt=\"rencontrer le pape au vatican\" align=\"center\"> 18 hours ago D\u00e9but d\u00e9cembre, le pape sest dit pr\u00eat \u00e0 se rendre \u00e0 Moscou pour y rencontrer le patriarche Kirill, chef de l\u00c9glise orthodoxe russe. En f\u00e9vrier <img decoding=\"async\" src=\"https:\/\/www.programme-tv.net\/imgre\/fit\/http.3A.2F.2Fprd2-bone-image.2Es3-website-eu-west-1.2Eamazonaws.2Ecom.2Ftel.2F2018.2F06.2F26.2F4f034c72-0352-41f8-b629-f6d893e85429.2Ejpeg\/1200x600\/crop-from\/top\/quality\/80\/emmanuel-macron-rencontre-le-pape-francois-au-vatican-video.jpg\" alt=\"rencontrer le pape au vatican\" align=\"right\"> Rome, 03 10. 2015 cath. Ch-apic Le Vatican a confirm\u00e9 le 2 octobre 2015 la rencontre priv\u00e9e du pape Fran\u00e7ois avec un couple homosexuel lors de sa visite \u00e0 Puis vous allez rencontrer des amis de Paris. France en Afrique, en Crim\u00e9e, \u00e0 Magenta, \u00e0 Solferino, \u00e9taient accourus \u00e0 Rome pour servir le Pape Nov 18, 2021 Le pr\u00e9sident Emmanuel Macron en compagnie du pape Fran\u00e7ois, le 26 juin 2018 au Vatican. ALESSANDRA TARANTINO AFP Oct 29, 2021 Le pr\u00e9sident am\u00e9ricain Joe Biden a entam\u00e9 vendredi un voyage de cinq jours en Europe par une rencontre avec le pape Fran\u00e7ois au Vatican 20 hours ago. Une rencontre historique avait eu lieu \u00e0 Cuba entre le pape et le patriarche Kirill, un pas important dans le rapprochement du Vatican Oct 29, 2021 Vatican: Joe Biden rencontre le pape photos. Cette visite, dune grande importance personnelle pour le fervent pratiquant quest Joe Biden Le Vatican persiste dans les habitudes discr\u00e8tes que le nouveau pape a substitu\u00e9es \u00e0. Dans sa chambre pour ne pas les rencontrer sur les escaliers Mar 16, 2013 Le pape argentin quittera le Vatican en h\u00e9licopt\u00e8re \u00e0 12 heures et devrait arriver vers 12 h 15 \u00e0 Castel Gandolfo, o\u00f9 un d\u00e9jeuner est pr\u00e9vu Activit\u00e9s du Pape Fran\u00e7ois-2021. Voyage apostolique \u00e0 Chypre et en Gr\u00e8ce: Rencontre avec le Saint-Synode en la Cath\u00e9drale orthodoxe de Nicosie Oct 18, 2021 Les infos de 12h30-Pourquoi Jean Castex a-t-il rencontr\u00e9 le Pape au Vatican. \u00c9CLAIRAGE-Le Premier ministre a \u00e9t\u00e9 re\u00e7u ce lundi 18 Dec 20, 2007 Nicolas Sarkozy a \u00e9t\u00e9 re\u00e7u pour la premi\u00e8re fois jeudi au Vatican par le pape Beno\u00eet XVI pour une audience consacr\u00e9e \u00e0 la situation Quand peut-on voir le pape au Vatican. Le pape a un emploi du temps tr\u00e8s rempli et pourtant il y a plusieurs occasions pour le rencontrer D\u00e9couvrez les articles, vid\u00e9os et diapos de Vatican dans lactualit\u00e9 avec voici Fr. PHOTOS Amal et George Clooney ont rencontr\u00e9 le Pape au Vatican May 24, 2017 C\u00e9tait une image tr\u00e8s attendue: Donald Trump posant en famille avec le pape Fran\u00e7ois, lors de la visite du pr\u00e9sident am\u00e9ricain au Vatican Oct 18, 2021 Une rencontre qui intervient dans un contexte houleux pour. Le chef du gouvernement est arriv\u00e9 peu avant 10 heures au Vatican o\u00f9 il a \u00e9t\u00e9 ah. Je suis heureux de rale que lempereur allait franchir. Rencontrer un. Des arbitres du monde. Jai personnellement \u00e0 me plaindre du pape Nov 23, 2020 La NBA a envoy\u00e9 une d\u00e9l\u00e9gation au Vatican afin de rencontrer le Pape Fran\u00e7ois. Cinq joueurs \u00e9taient du voyage Nov 25, 2021 Trois ans apr\u00e8s une premi\u00e8re rencontre jug\u00e9e particuli\u00e8rement r\u00e9ussie, Le pape Fran\u00e7ois et Emmanuel Macron, le 26 juin 2018, au Vatican <img decoding=\"async\" src=\"https:\/\/www.francetvinfo.fr\/pictures\/mv67G4VcWmY99IO1Yp4K0iuS5a8\/640x360\/2021\/10\/18\/eltVideoWs-529897-616d2677bac04.jpeg\" alt=\"rencontrer le pape au vatican\" align=\"left\"> Avec le Pape p\u00e8lerin marial \u00e0 Rome Vatican. Cq5dam Web. 1280 1280. Jpeg. Canada: report de la rencontre entre le Pape Fran\u00e7ois et les peuples.<\/p>\n","protected":false},"excerpt":{"rendered":"<p>Si vous souhaitez avoir la chance de rencontrer le Pape au Vatican, il vous faudra obtenir un rendez-vous, et il se trouve que les places prioritaires pour les 18 hours ago D\u00e9but d\u00e9cembre, le pape sest dit pr\u00eat \u00e0 se rendre \u00e0 Moscou pour y rencontrer le patriarche Kirill, chef de l\u00c9glise orthodoxe russe. En [&hellip;]<\/p>\n","protected":false},"author":1,"featured_media":0,"comment_status":"closed","ping_status":"closed","sticky":false,"template":"","format":"standard","meta":{"footnotes":""},"categories":[],"tags":[],"class_list":["post-12673","post","type-post","status-publish","format-standard","hentry"],"blocksy_meta":[],"_links":{"self":[{"href":"http:\/\/chiidaspa.com\/forum\/wp-json\/wp\/v2\/posts\/12673","targetHints":{"allow":["GET"]}}],"collection":[{"href":"http:\/\/chiidaspa.com\/forum\/wp-json\/wp\/v2\/posts"}],"about":[{"href":"http:\/\/chiidaspa.com\/forum\/wp-json\/wp\/v2\/types\/post"}],"author":[{"embeddable":true,"href":"http:\/\/chiidaspa.com\/forum\/wp-json\/wp\/v2\/users\/1"}],"replies":[{"embeddable":true,"href":"http:\/\/chiidaspa.com\/forum\/wp-json\/wp\/v2\/comments?post=12673"}],"version-history":[{"count":0,"href":"http:\/\/chiidaspa.com\/forum\/wp-json\/wp\/v2\/posts\/12673\/revisions"}],"wp:attachment":[{"href":"http:\/\/chiidaspa.com\/forum\/wp-json\/wp\/v2\/media?parent=12673"}],"wp:term":[{"taxonomy":"category","embeddable":true,"href":"http:\/\/chiidaspa.com\/forum\/wp-json\/wp\/v2\/categories?post=12673"},{"taxonomy":"post_tag","embeddable":true,"href":"http:\/\/chiidaspa.com\/forum\/wp-json\/wp\/v2\/tags?post=12673"}],"curies":[{"name":"wp","href":"https:\/\/api.w.org\/{rel}","templated":true}]}}