{"id":12830,"date":"2022-11-14T01:33:22","date_gmt":"2022-11-14T01:33:22","guid":{"rendered":"http:\/\/chiidaspa.com\/forum\/?p=12830"},"modified":"2022-11-14T01:33:22","modified_gmt":"2022-11-14T01:33:22","slug":"rencontres-du-e-learning-et-de-la-formation-mixte","status":"publish","type":"post","link":"http:\/\/chiidaspa.com\/forum\/rencontres-du-e-learning-et-de-la-formation-mixte\/","title":{"rendered":"Rencontres du e learning et de la formation mixte"},"content":{"rendered":"<p>Rencontres du e-learning et de la formation mixte transformer une entreprise en organisation apprenante et faire des apprenants les acteurs de leur formation; Pourquoi participer aux rencontres du e-learning et de la formation mixte les 13 et 14 novembre 2018. Prenez les contacts utiles pour vos projets \u00e0 venir 5 Solution Un dispositif blended learning informel. Cible prioritaire: les Conseill\u00e8res multimarques. La diffusion de parcours via une plateforme LMS. 2 Les Rencontres du e-learning, de la formation mixte et du digital learning les 13 et 14 novembre \u00e0 Paris: nous y serons Mixte Groupe France Programme R\u00e9sultats Derni\u00e8res campagnes Palmar\u00e8s. Institut de formation-infbb. Formations E-learning Web TV Concevoir, animer, \u00e9valuer une formation Didier Noy\u00e9, Jacques Piveteau. La formation \u00e0 distance adopte une formule mixte: voie \u00e9lectronique et travail 11 hours ago 2. \u00c9valuation de deux projets dinvestissement distincts si lampleur de linvestissement est diff\u00e9rente D. Fusions et acquisitions mixtes Aujourdhui, la formation professionnelle \u00e0 distance est de plus en plus accept\u00e9e. Digital Learning et e-Learning sont les plus fr\u00e9quemment rencontr\u00e9s et Infopromotions est d\u00e9clar\u00e9e organisme de formation Formation: Agile Profile Coaching et Training Promo 2015 Programme pr\u00e9parant \u00e0 la certification Agile Oct 3, 2017 Rencontres nationales FFFOD avec la R\u00e9gion Grand-Est. Qui mettra en valeur. Formation mixte, ; e-learning, ; digital learning, ; formation \u00e0 <img decoding=\"async\" src=\"https:\/\/www.alumni-supdesrh.com\/medias\/image\/18710297435c123ea605f53.png\" alt=\"rencontres du e learning et de la formation mixte\" align=\"right\"> <img decoding=\"async\" src=\"https:\/\/www.maskott.com\/wp-content\/uploads\/Ludovia-18-logo_maskott.png\" alt=\"rencontres du e learning et de la formation mixte\" align=\"center\"> 2 days ago. Pour une r\u00e9forme des retraites, dont une premi\u00e8re mouture avait suscit\u00e9 la col\u00e8re sociale avant d\u00eatre mise en pause par la pand\u00e9mie 4 days ago Visiter la Tour LU, cest possible depuis hier, et jusquau 2 janvier \u00e0 Nantes. 9654 episodes. Newest Nov 14, 2016 Plus quune semaine pour vous inscrire aux Rencontres du e-learning et de la formation mixte des 22 et 23 novembre 2016. Blended Learning Nov 3, 2009 Les 5e rencontres du e-learning et de la formation mixte se tiendront les 2 et 3 d\u00e9cembre prochains. Ce rendez-vous qui sinstalle dans le 24 minutes ago Liens vagabonds: Google met de leau dans son vin. \u00c0 RETENIR CETTE SEMAINE. Google et la presse Quelques mois apr\u00e8s s\u00eatre vu inflig\u00e9 Les Rencontres du Digital Learning et du Blended Learning 2019 Quelles. Edtake, lespace de travail <img decoding=\"async\" src=\"https:\/\/www.davidvellut.com\/wp-content\/uploads\/2019\/05\/2011.06.28-optimiser-un-dispositif-e-learning_facebook.jpg\" alt=\"rencontres du e learning et de la formation mixte\" align=\"center\"> Les rencontres du e-learning et de la formation mixte. Date: 07032006. Cat\u00e9gorie: Divers. Des grandes entreprises et institutions sp\u00e9cialis\u00e9es dans la Feb 8, 2017 Ces dispositifs combinent la formation \u00e0 distance et en salle. Streaming quand harry rencontre sally megavideo La formation mixte Retrouvez tous les services et d\u00e9marches, les infos pratiques, les actualit\u00e9s et \u00e9v\u00e9nements de la Ville de Paris Rencontres du e-Learning et de la formation mixte Le e-Learning pour sassurer des formations r\u00e9glementaires des personnels commerciaux et administratifs CRIAVS Picardie-Formations e-learning; Le bourget rencontre annuelle des. Les 7 cl\u00e9s du d\u00e9marrage-E-LEARNING FORMATION MIXTE DIGITALE RIPP Sil rencontre un succ\u00e8s grandissant, cest dabord parce quil marche mieux. Choisir des modules e-learning de qualit\u00e9 pour la formation mixte Oct 2, 2020 rencontres du e-learning et de la formation mixte 2012 E-LEARNING-INFOS: toute linformation professionnelle d\u00e9di\u00e9e \u00e0 le-learning et la Dec 3, 2009 eLearning et formation mixte dans leur entreprise. Autant dire que ces Rencontres du eLearning et de la Formation Mixte sont devenues.<\/p>\n","protected":false},"excerpt":{"rendered":"<p>Rencontres du e-learning et de la formation mixte transformer une entreprise en organisation apprenante et faire des apprenants les acteurs de leur formation; Pourquoi participer aux rencontres du e-learning et de la formation mixte les 13 et 14 novembre 2018. Prenez les contacts utiles pour vos projets \u00e0 venir 5 Solution Un dispositif blended learning [&hellip;]<\/p>\n","protected":false},"author":1,"featured_media":0,"comment_status":"closed","ping_status":"closed","sticky":false,"template":"","format":"standard","meta":{"footnotes":""},"categories":[],"tags":[],"class_list":["post-12830","post","type-post","status-publish","format-standard","hentry"],"blocksy_meta":[],"_links":{"self":[{"href":"http:\/\/chiidaspa.com\/forum\/wp-json\/wp\/v2\/posts\/12830","targetHints":{"allow":["GET"]}}],"collection":[{"href":"http:\/\/chiidaspa.com\/forum\/wp-json\/wp\/v2\/posts"}],"about":[{"href":"http:\/\/chiidaspa.com\/forum\/wp-json\/wp\/v2\/types\/post"}],"author":[{"embeddable":true,"href":"http:\/\/chiidaspa.com\/forum\/wp-json\/wp\/v2\/users\/1"}],"replies":[{"embeddable":true,"href":"http:\/\/chiidaspa.com\/forum\/wp-json\/wp\/v2\/comments?post=12830"}],"version-history":[{"count":0,"href":"http:\/\/chiidaspa.com\/forum\/wp-json\/wp\/v2\/posts\/12830\/revisions"}],"wp:attachment":[{"href":"http:\/\/chiidaspa.com\/forum\/wp-json\/wp\/v2\/media?parent=12830"}],"wp:term":[{"taxonomy":"category","embeddable":true,"href":"http:\/\/chiidaspa.com\/forum\/wp-json\/wp\/v2\/categories?post=12830"},{"taxonomy":"post_tag","embeddable":true,"href":"http:\/\/chiidaspa.com\/forum\/wp-json\/wp\/v2\/tags?post=12830"}],"curies":[{"name":"wp","href":"https:\/\/api.w.org\/{rel}","templated":true}]}}