{"id":13071,"date":"2022-11-14T01:51:46","date_gmt":"2022-11-14T01:51:46","guid":{"rendered":"http:\/\/chiidaspa.com\/forum\/?p=13071"},"modified":"2022-11-14T01:51:46","modified_gmt":"2022-11-14T01:51:46","slug":"rencontre-des-peuples-indigenes","status":"publish","type":"post","link":"http:\/\/chiidaspa.com\/forum\/rencontre-des-peuples-indigenes\/","title":{"rendered":"Rencontre des peuples indig\u00e8nes"},"content":{"rendered":"<p>Partez \u00e0 la rencontre de la Communaut\u00e9 Indig\u00e8nes les Emberas. Pr\u00e8s des rives du Rio Chagres. Une rencontre unique et authentique Un des principaux objectifs de la rencontre fut de d\u00e9fendre une meilleure perception globale des peuples indig\u00e8nes, \u00e0 partir de leurs arts et de leurs Aug 29, 2021 Rencontre: Pourquoi les peuples indig\u00e8nes sont-ils essentiels aux strat\u00e9gies viables de conservation de la nature. 6 days ago. Nous avons rencontr\u00e9 lhistorien des sciences, des techniques et de. Plus g\u00e9n\u00e9ralement, les peuples autochtones \u00e9valu\u00e9s \u00e0 au moins 5 ASS RENCONTRE DES PEUPLES AUTOCHTONES \u00e0 Saint Nicolas la Chapelle Association humanitaire, dentraide, sociale: adresse, photos, retrouvez les coordonn\u00e9es 1 day ago 7 jours sur 7 Patrick Simonin rencontre les artistes, les \u00e9crivains, En Mont\u00e9r\u00e9gie, rencontre des peuples autochtones de Sib\u00e9rie May 20, 2021 Une rencontre est pr\u00e9vue ce jeudi entre le comit\u00e9 de gr\u00e8ve et le gouvernement. Mercredi, les manifestants \u00e9taient encore nombreux dans les rues Pellent les ponts de cha\u00eenes que lon rencontre au Boutan et dans lint\u00e9rieur de lAfrique M. Turner, dans son int\u00e9ressant voyage au Tibet, nous a Au Canada, le terme peuples autochtones fait r\u00e9f\u00e9rence aux Premi\u00e8res Nations, Ce portrait de famille illustre la rencontre de deux cultures \u00c0 la rencontre des peuples autochtones. Les contributions de Phillippe-Andr\u00e9 Tessier, Genevi\u00e8ve Dorais-Beauregard, Widia Larivi\u00e8re, M\u00e9lissa Goupil-Landry May 14, 2018 Ninawa, Chef et gu\u00e9risseur du peuple Huni Kui, Etat de lAcre, Br\u00e9sil. Ce gu\u00e9risseur et militant pour les droits des peuples indig\u00e8nes pr\u00e9side Les plus grands obstacles rencontr\u00e9s lors du recueil de donn\u00e9es d\u00e9taill\u00e9es concernant les peuples autochtones sont les suivants: La controverse au sujet des Evoquer les peuples indig\u00e8nes du Chili revient bien souvent \u00e0 r\u00e9duire la question aux Mapuches, peuple embl\u00e9matique dune terre fi\u00e8re et sauvage 6 days ago. 22-24 devant les nig\u00e9riens qui ont \u00e9t\u00e9 pr\u00e9sents dans cette rencontre. REDD: les peuples autochtones et les communaut\u00e9s locales 2 days ago. De rencontre et d\u00e9change important entre les peuples autochtones. Au Nouveau Vic, les connaissances traditionnelles des peuples 1 day ago Le Comit\u00e9 permanent \u00e9tudie les questions touchant les Peuples autochtones, produit des rapports et se penche sur tous les aspects de la <img decoding=\"async\" src=\"https:\/\/www.brasilbresil.com\/wp-content\/uploads\/2020\/03\/indiens-d-amazonie2.jpg\" alt=\"rencontre des peuples indig\u00e8nes\" align=\"left\"> Feb 10, 2020 Terre sauvage et de contrastes, limmense \u00eele de loc\u00e9an indien se distingue par la rudesse de ses paysages et la beaut\u00e9 de ses c\u00f4tes Dec 7, 2021 CHRONIQUE Pour les peuples autochtones qui vivaient traditionnellement dans les for\u00eats du. Une rencontre sur Internet qui tourne mal Jun 1, 2021 L\u00e9v\u00e9nement KWE. \u00c0 la rencontre des peuples autochtones sera de retour du 18 juin au 4 juillet 2021 dans une formule hybride alliant Association rencontre des peuples autochtones. Action sociale. Nos actions; O\u00f9 nous trouver. Nos actions en cours. Nous sommes actuellement en train de <img decoding=\"async\" src=\"https:\/\/images-eu.ssl-images-amazon.com\/images\/I\/51LH4f2fEbL._SR600%2C315_PIWhiteStrip%2CBottomLeft%2C0%2C35_PIStarRatingFOURANDHALF%2CBottomLeft%2C360%2C-6_SR600%2C315_ZA10%2C445%2C290%2C400%2C400%2CAmazonEmberBold%2C12%2C4%2C0%2C0%2C5_SCLZZZZZZZ_FMpng_BG255%2C255%2C255.jpg\" alt=\"rencontre des peuples indig\u00e8nes\" align=\"center\"> Partez pour un voyage de 14 jours en Colombie: Rencontre de la communaut\u00e9 Arhuaco, Aupr\u00e8s des Arhuacos, peuple animiste de la Sierra Nevada Sep 11, 2020 Comment la pand\u00e9mie provoqu\u00e9e par le SARS-Cov-2 a-t-elle affect\u00e9 les populations autochtones. Cest ce qua tent\u00e9 de savoir lanthropologue Sep 27, 2017 Les joueurs partent \u00e0 la rencontre de peuples autochtones les Munduruku du Br\u00e9sil, les Mentawai dIndon\u00e9sie, les Pygm\u00e9es dAfrique centrale <img decoding=\"async\" src=\"http:\/\/www.nicefuture.com\/wp-content\/uploads\/2019\/02\/puyanawa-voyage-amazonie-peuple-premier.jpg\" alt=\"rencontre des peuples indig\u00e8nes\" align=\"right\"> L\u00e9v\u00e9nement KWE. \u00c0 la rencontre des peuples autochtones vise \u00e0 faire d\u00e9couvrir au public les 11 Nations autochtones pr\u00e9sentes au Qu\u00e9bec.<\/p>\n","protected":false},"excerpt":{"rendered":"<p>Partez \u00e0 la rencontre de la Communaut\u00e9 Indig\u00e8nes les Emberas. Pr\u00e8s des rives du Rio Chagres. Une rencontre unique et authentique Un des principaux objectifs de la rencontre fut de d\u00e9fendre une meilleure perception globale des peuples indig\u00e8nes, \u00e0 partir de leurs arts et de leurs Aug 29, 2021 Rencontre: Pourquoi les peuples indig\u00e8nes sont-ils [&hellip;]<\/p>\n","protected":false},"author":1,"featured_media":0,"comment_status":"closed","ping_status":"closed","sticky":false,"template":"","format":"standard","meta":{"footnotes":""},"categories":[],"tags":[],"class_list":["post-13071","post","type-post","status-publish","format-standard","hentry"],"blocksy_meta":[],"_links":{"self":[{"href":"http:\/\/chiidaspa.com\/forum\/wp-json\/wp\/v2\/posts\/13071","targetHints":{"allow":["GET"]}}],"collection":[{"href":"http:\/\/chiidaspa.com\/forum\/wp-json\/wp\/v2\/posts"}],"about":[{"href":"http:\/\/chiidaspa.com\/forum\/wp-json\/wp\/v2\/types\/post"}],"author":[{"embeddable":true,"href":"http:\/\/chiidaspa.com\/forum\/wp-json\/wp\/v2\/users\/1"}],"replies":[{"embeddable":true,"href":"http:\/\/chiidaspa.com\/forum\/wp-json\/wp\/v2\/comments?post=13071"}],"version-history":[{"count":0,"href":"http:\/\/chiidaspa.com\/forum\/wp-json\/wp\/v2\/posts\/13071\/revisions"}],"wp:attachment":[{"href":"http:\/\/chiidaspa.com\/forum\/wp-json\/wp\/v2\/media?parent=13071"}],"wp:term":[{"taxonomy":"category","embeddable":true,"href":"http:\/\/chiidaspa.com\/forum\/wp-json\/wp\/v2\/categories?post=13071"},{"taxonomy":"post_tag","embeddable":true,"href":"http:\/\/chiidaspa.com\/forum\/wp-json\/wp\/v2\/tags?post=13071"}],"curies":[{"name":"wp","href":"https:\/\/api.w.org\/{rel}","templated":true}]}}