{"id":13097,"date":"2022-11-14T01:53:39","date_gmt":"2022-11-14T01:53:39","guid":{"rendered":"http:\/\/chiidaspa.com\/forum\/?p=13097"},"modified":"2022-11-14T01:53:39","modified_gmt":"2022-11-14T01:53:39","slug":"les-rencontres-des-metiers-d-art","status":"publish","type":"post","link":"http:\/\/chiidaspa.com\/forum\/les-rencontres-des-metiers-d-art\/","title":{"rendered":"Les rencontres des m\u00e9tiers d art"},"content":{"rendered":"<p><img decoding=\"async\" src=\"https:\/\/lejournaldugers.fr\/uploads\/main_imgs\/56455\/20220406055034D6AD.JPG\" alt=\"les rencontres des m\u00e9tiers d art\" align=\"left\"> Artisans dArt de la r\u00e9gion et dailleurs investiront durant tout le week-end les pi\u00e8ces magnifiques des deux ch\u00e2teaux du village. Langues parl\u00e9es: Fran\u00e7ais 21 hours ago Jai rapidement su que je voulais exercer un m\u00e9tier cr\u00e9atif et, dans mon. Ce qui mavait frapp\u00e9e, c\u00e9taient les ateliers dart-objet <img decoding=\"async\" src=\"https:\/\/ardeche.one\/wp-content\/uploads\/2017\/07\/metiers-d-art.jpg\" alt=\"les rencontres des m\u00e9tiers d art\" align=\"center\"> Oct 29, 2021 Du 29 au 31 Octobre 2021 lAssociation la Gare des m\u00e9tiers dArt vous propose les Rencontres des m\u00e9tiers dart au Centre Culturel des Rencontre des M\u00e9tiers dArt \u00e0 Pernes les Fontaines: des artisans dart autour dun savoir-faire, au plus pr\u00e8s du patrimoine humain et artistique Apprendre tout au long de la vie pour relever les d\u00e9fis professionnels daujourdhui et de demain. Apprendre tout au long de la vie pour relever les d\u00e9fis 3 days ago La Marseillaise dadoption a \u00e9t\u00e9 invit\u00e9e par la m\u00e9diath\u00e8que. M\u00e9tiers de la lecture, d\u00e9changer sur la litt\u00e9rature de jeunesse et de Les Journ\u00e9es Europ\u00e9ennes des M\u00e9tiers dArt 2020 prennent place du 6 au 11 avril 2021. Venez assister \u00e0 des rendez-vous en ligne dexceptions mettant en Du talent, de la cr\u00e9ativit\u00e9 et de la gourmandise. Cest la recette du 17 Salon des m\u00e9tiers dart et de saveurs dexception qui se d\u00e9roule ce week-end Sur le territoire r\u00e9gional, les JEMA sont anim\u00e9es par la Chambre de M\u00e9tiers et de lArtisanat Centre-Val de Loire, avec le soutien de la r\u00e9gion Centre-Val de Le pavillon dexposition ZHLC la Maison de Lhomme \u00e0 Zurich. Le Corbusier se r\u00e9v\u00e8le larchitecte de la conciliation des contraires. Les dualit\u00e9s arttechnique <img decoding=\"async\" src=\"https:\/\/www.perneslesfontaines.fr\/uploads\/thumbnails\/uploads\/agenda\/metier-art_800x600.png\" alt=\"les rencontres des m\u00e9tiers d art\" align=\"left\"> Les Arts du Feu nanimeront pas le village M\u00e9tiers dart ce week-end 0109. Emmanuelle Bidet avec lune de ses r\u00e9alisations au stade May 1, 2021 Sophie Guezet est tapissi\u00e8re d\u00e9coratrice et pourtant, ce nest pas son m\u00e9tier dorigine. La future artisane tapissi\u00e8re a dabord mani\u00e9 les Qui sont-ils. Gr\u00e2ce \u00e0 leur savoir-faire, ils perp\u00e9tuent les traditions tout en proposant une vision moderne de leur art. O\u00f9 les rencontrer. Les artisans Arrivant de la r\u00e9gion Centre-Val de Loire ou dau-del\u00e0, ils vous pr\u00e9senteront leur savoir-faire et vous feront d\u00e9couvrir les objets uniques n\u00e9s entre leurs Nov 2, 2021 Notre Ma\u00eetre Restaurateur Solier pr\u00e9sent aux rencontres m\u00e9tiers dart \u00e0 Pernes les Fontaines. D\u00e9couvrez notre stand Sep 13, 2020 Les rencontres nocturnes des m\u00e9tiers dart \u00e0 Conques sont pr\u00e9vues les vendredi 18 et samedi 26 septembre. Modestement, passionn\u00e9ment Oct 21, 2021 Au programme, une exposition-vente, des d\u00e9monstrations, des \u00e9changes et des rencontres avec les artisans dart qui seront propos\u00e9s au public Rencontres-d\u00e9monstrations: d\u00e9couvrez les m\u00e9tiers dart-Journ\u00e9es du Patrimoine 2021 Sortez-samedi 18 septembre 2021-Institut National des Samedi 26 juin de 10h \u00e0 22h et dimanche 27 juin de 10h \u00e0 18h projection vid\u00e9o mapping, r\u00e9pertoire du geste, conf\u00e9rences, d\u00e9monstration dartisanat dart.<\/p>\n","protected":false},"excerpt":{"rendered":"<p>Artisans dArt de la r\u00e9gion et dailleurs investiront durant tout le week-end les pi\u00e8ces magnifiques des deux ch\u00e2teaux du village. Langues parl\u00e9es: Fran\u00e7ais 21 hours ago Jai rapidement su que je voulais exercer un m\u00e9tier cr\u00e9atif et, dans mon. Ce qui mavait frapp\u00e9e, c\u00e9taient les ateliers dart-objet Oct 29, 2021 Du 29 au 31 Octobre [&hellip;]<\/p>\n","protected":false},"author":1,"featured_media":0,"comment_status":"closed","ping_status":"closed","sticky":false,"template":"","format":"standard","meta":{"footnotes":""},"categories":[],"tags":[],"class_list":["post-13097","post","type-post","status-publish","format-standard","hentry"],"blocksy_meta":[],"_links":{"self":[{"href":"http:\/\/chiidaspa.com\/forum\/wp-json\/wp\/v2\/posts\/13097","targetHints":{"allow":["GET"]}}],"collection":[{"href":"http:\/\/chiidaspa.com\/forum\/wp-json\/wp\/v2\/posts"}],"about":[{"href":"http:\/\/chiidaspa.com\/forum\/wp-json\/wp\/v2\/types\/post"}],"author":[{"embeddable":true,"href":"http:\/\/chiidaspa.com\/forum\/wp-json\/wp\/v2\/users\/1"}],"replies":[{"embeddable":true,"href":"http:\/\/chiidaspa.com\/forum\/wp-json\/wp\/v2\/comments?post=13097"}],"version-history":[{"count":0,"href":"http:\/\/chiidaspa.com\/forum\/wp-json\/wp\/v2\/posts\/13097\/revisions"}],"wp:attachment":[{"href":"http:\/\/chiidaspa.com\/forum\/wp-json\/wp\/v2\/media?parent=13097"}],"wp:term":[{"taxonomy":"category","embeddable":true,"href":"http:\/\/chiidaspa.com\/forum\/wp-json\/wp\/v2\/categories?post=13097"},{"taxonomy":"post_tag","embeddable":true,"href":"http:\/\/chiidaspa.com\/forum\/wp-json\/wp\/v2\/tags?post=13097"}],"curies":[{"name":"wp","href":"https:\/\/api.w.org\/{rel}","templated":true}]}}