{"id":13428,"date":"2022-11-14T02:16:57","date_gmt":"2022-11-14T02:16:57","guid":{"rendered":"http:\/\/chiidaspa.com\/forum\/?p=13428"},"modified":"2022-11-14T02:16:57","modified_gmt":"2022-11-14T02:16:57","slug":"rencontres-arles-2014","status":"publish","type":"post","link":"http:\/\/chiidaspa.com\/forum\/rencontres-arles-2014\/","title":{"rendered":"Rencontres arles 2014"},"content":{"rendered":"<p>2014 Festival dOodaaq, galerie de lEESAB. 2012 Ceux qui arrivent, Rencontres dArles, Atelier m\u00e9canique R. I P. \u00c9glise Saint Julien, Arles Jul 9, 2014 Inaugur\u00e9e lundi, la 45e \u00e9dition des Rencontres photographiques dArles se tient du 7 juillet au 21 septembre 2014 Edition 2014. Inaugur\u00e9e ce lundi, la 45e \u00e9dition des Rencontres photographiques dArles se tiendra durant tout l\u00e9t\u00e9 du 7 juillet au 21 septembre Jul 5, 2021 Stage de Photographie de Printemps en Arles. Du 14 avril au 3 mai 2014. L\u00e9quipe des Rencontres dArles a le plaisir daccueillir chaque 5 days ago Bell_hooks_October_2014 Disparition: bell hooks. Photo: les rencontres dArles d\u00e9butent ce dimanche. Bell_hooks_October_2014 Nov 18, 2014 Rencontres internationales de la photographie 2014; Arles, Bouches-du-Rh\u00f4ne. Graphiste ; 4040; Technicien graphique Oct 3, 2014 Conf\u00e9rence de presse des rencontres dArles, le 14 avril 2014. Rencontres dArles. PHOTOGRAPHIES Troisi\u00e8me volet dun cycle vou\u00e9 \u00e0 la red\u00e9couverte du d\u00e9partement photographique du mus\u00e9e initi\u00e9 en 2014 avec Les Clergue dArles et Oser la photographie en Rencontres dArles-retrouvez toute lactualit\u00e9, nos dossiers et nos \u00e9missions. Sam Stourdz\u00e9 a repris la direction des Rencontres dArles depuis 2014 Jul 8, 2014 RENCONTRES DARLES: 2014, UNE ANN\u00c9E CHARNI\u00c8RE Herv\u00e9 Schiavetti, maire dArles, vice-pr\u00e9sident du Conseil g\u00e9n\u00e9ral des Bouches-du-Rh\u00f4ne Les rencontres dArles; A la rencontre dArles 07, Arles, 2006, Luc Litzler Arles, 2006, Luc Litzler; A la rencontre dArles 08, Arles, 2014, Luc Litzler <img decoding=\"async\" src=\"https:\/\/www.dessinoriginal.com\/6555-thickbox_default\/les-rencontres-arles-photographie-2014-parade-45e-edition.jpg\" alt=\"rencontres arles 2014\" align=\"left\"> Les rencontres Arles photographies 2014 Parade Direction Fran\u00e7ois Hebel aux \u00e9ditions Actes Sud Jul 20, 2014 FS Courte escapade en Arles Les Rencontres Arles Photographie. Rencontres Arles 2014. Jusquau 21 septembre 2014 <img decoding=\"async\" src=\"https:\/\/www.pixelcreation.fr\/fileadmin\/\/img\/sas_image\/galerie\/photo\/Arles 2014\/Rencontres-Arles-2014_MartinParr_collectionlivreschinois_02.jpg\" alt=\"rencontres arles 2014\" align=\"right\"> Rencontres dArles 2014 Parade. ManifestationFestival Photographie. Rencontres Arles photographie Arles. 7 juillet 21 septembre 2014 ARLES 2014 PARADE. Arles est une sc\u00e8ne th\u00e9\u00e2trale \u00e0 l\u00e9chelle dune ville. Une invitation aux Rencontres de la photographie, cest un coup de projecteur Fondateur des Editions M\u00e9diterraneus, \u00e0 Arles, ce sp\u00e9cialiste des milieux naturels est. Cr\u00e9\u00e9 en 2014 par Thomas de Williencourt et sa femme Tatiana Aug 21, 2014 Les Rencontres de la photographie dArles, c\u00e9tait cette ann\u00e9e 50 expositions, r\u00e9parties sur des dizaines de lieux diff\u00e9rents Muniz continue son exploration de la fragmentation de lexp\u00e9rience visuelle contemporaine, en mettant davantage laccent sur 0 2014_11juillet_debat_muniz Jul 16, 2014 Le 13 juillet 2014, le maire dArles et l\u00e9quipe dirigeante des Rencontres dressent le bilan de la premi\u00e8re semaine du Festival. Photo <img decoding=\"async\" src=\"https:\/\/live.staticflickr.com\/3897\/14490416858_d085b9a1ec_c.jpg\" alt=\"rencontres arles 2014\" align=\"center\"> Acc\u00e9dez au site officiel de la F\u00e9d\u00e9ration Fran\u00e7aise dEquitation FFE. Premi\u00e8re activit\u00e9 sportive et de loisir proche de la nature Dans le cadre des Rencontres Arles photographie 2014 du lundi 7 juillet 2014 au dimanche 21 septembre 2014, d\u00e9couvrez lexposition de Chema Madoz \u00e0 Arles.<\/p>\n","protected":false},"excerpt":{"rendered":"<p>2014 Festival dOodaaq, galerie de lEESAB. 2012 Ceux qui arrivent, Rencontres dArles, Atelier m\u00e9canique R. I P. \u00c9glise Saint Julien, Arles Jul 9, 2014 Inaugur\u00e9e lundi, la 45e \u00e9dition des Rencontres photographiques dArles se tient du 7 juillet au 21 septembre 2014 Edition 2014. Inaugur\u00e9e ce lundi, la 45e \u00e9dition des Rencontres photographiques dArles se [&hellip;]<\/p>\n","protected":false},"author":1,"featured_media":0,"comment_status":"closed","ping_status":"closed","sticky":false,"template":"","format":"standard","meta":{"footnotes":""},"categories":[],"tags":[],"class_list":["post-13428","post","type-post","status-publish","format-standard","hentry"],"blocksy_meta":[],"_links":{"self":[{"href":"http:\/\/chiidaspa.com\/forum\/wp-json\/wp\/v2\/posts\/13428","targetHints":{"allow":["GET"]}}],"collection":[{"href":"http:\/\/chiidaspa.com\/forum\/wp-json\/wp\/v2\/posts"}],"about":[{"href":"http:\/\/chiidaspa.com\/forum\/wp-json\/wp\/v2\/types\/post"}],"author":[{"embeddable":true,"href":"http:\/\/chiidaspa.com\/forum\/wp-json\/wp\/v2\/users\/1"}],"replies":[{"embeddable":true,"href":"http:\/\/chiidaspa.com\/forum\/wp-json\/wp\/v2\/comments?post=13428"}],"version-history":[{"count":0,"href":"http:\/\/chiidaspa.com\/forum\/wp-json\/wp\/v2\/posts\/13428\/revisions"}],"wp:attachment":[{"href":"http:\/\/chiidaspa.com\/forum\/wp-json\/wp\/v2\/media?parent=13428"}],"wp:term":[{"taxonomy":"category","embeddable":true,"href":"http:\/\/chiidaspa.com\/forum\/wp-json\/wp\/v2\/categories?post=13428"},{"taxonomy":"post_tag","embeddable":true,"href":"http:\/\/chiidaspa.com\/forum\/wp-json\/wp\/v2\/tags?post=13428"}],"curies":[{"name":"wp","href":"https:\/\/api.w.org\/{rel}","templated":true}]}}