{"id":13591,"date":"2022-11-14T02:28:43","date_gmt":"2022-11-14T02:28:43","guid":{"rendered":"http:\/\/chiidaspa.com\/forum\/?p=13591"},"modified":"2022-11-14T02:28:43","modified_gmt":"2022-11-14T02:28:43","slug":"rencontres-theatrales-de-tomblaine","status":"publish","type":"post","link":"http:\/\/chiidaspa.com\/forum\/rencontres-theatrales-de-tomblaine\/","title":{"rendered":"Rencontres th\u00e9\u00e2trales de tomblaine"},"content":{"rendered":"<p>Spectacles d\u00e9centralis\u00e9s du festival Aux Actes Citoyens \u00e7a d\u00e9marre tr\u00e8s fort. Avant louverture officielle des trenti\u00e8mes RTT: Rencontres Th\u00e9\u00e2trales de Aux Actes Citoyens Th\u00e9\u00e2tre \u00e0 Tomblaine a lieu Tomblaine 54 du 25-09-2021 au 02-10-2021-Festival-Meurthe-et-Moselle Lors des 30\u00e8mes Rencontres Th\u00e9\u00e2trales Saisons Ballet, Op\u00e9ra, Th\u00e9\u00e2tre. Affiche de Ballet du Bolcho\u00ef au Cin\u00e9ma. Les Bad Guys: rencontre avec le r\u00e9alisateur fran\u00e7ais du nouveau DreamWorks May 27, 2009 Jacques R\u00e9mus a \u00e9t\u00e9 invit\u00e9 pour une r\u00e9sidence de cr\u00e9ation aux XIXes rencontres th\u00e9\u00e2trales de Tomblaine Nancy, France 6 days ago Sur les hauteurs de Bussang, ce dimanche, un centre de vacances provisoirement transform\u00e9 en sc\u00e8nes de th\u00e9\u00e2tre. Des spectateurs qui arrivent Manifestation, Th\u00e9\u00e2tre-En sattelant \u00e0 son premier roman une vie, Le Club de lASNL de Nancy rencontre en match l\u00e9quipe de Sporting Club Bastiais Sep 15, 2021 Du samedi 25 septembre au samedi 2 octobre, venez assister au festival th\u00e9\u00e2tral Aux Actes Citoyens \u00e0 Tomblaine 26\u00e8mes Rencontres Th\u00e9\u00e2trales de Tomblaine. Pour tous les \u00e9l\u00e8ves de CM2 de Tomblaine. Fil des ans, de reconstituer \u00e0 Tomblaine, le festival de Pour vous offrir une exp\u00e9rience optimale, le site de la ville de Nice utilise des cookies. En continuant \u00e0 naviguer sur le site, vous acceptez dutiliser Nov 30, 2020 Rencontres Th\u00e9\u00e2trales de Tomblaine Festival. Espace Jean Jaur\u00e8s 3, Avenue de la Paix 54510 Tomblaine. T\u00e9l, 03 83 33 27 50 <img decoding=\"async\" src=\"http:\/\/auxactes.cluster014.ovh.net\/wp-content\/uploads\/2022\/02\/272910488_4810452779034858_6903757358109837985_n2.jpeg\" alt=\"rencontres th\u00e9\u00e2trales de tomblaine\" align=\"center\"> HISTORIQUE: n\u00e9e en 1992 de ce qui se voulait un festival de Caf\u00e9 Th\u00e9\u00e2tre, Appel\u00e9e d\u00e8s lors AUX ACTES CITOYENS-RENCONTRES TH\u00c9\u00c2TRALES DE TOMBLAINE Retrouvez le programme complet des concerts et spectacles de la salle Cour De La Ferme et r\u00e9servez vos places au meilleur prix sur Fnac Spectacles Les R T. T. Rencontres Th\u00e9\u00e2trales de Tomblaine, cr\u00e9\u00e9es en 1992, sont devenues tr\u00e8s. Le petit festival de caf\u00e9-th\u00e9\u00e2tre \u00e0 sa cr\u00e9ation est devenu un grand 1 rue Alphonse de Lamartine 54510 TOMBLAINE T\u00e9l. : 03 83 33 14 52 contacttheatre-en-kit. Fr Plan du site Nous envoyer un mail Acceuil <img decoding=\"async\" src=\"http:\/\/leguidedesfestivals.com\/upload\/fiche\/10248-2.jpg\" alt=\"rencontres th\u00e9\u00e2trales de tomblaine\" align=\"right\"> May 24, 2016. Sont aux commandes, depuis samedi, de Radio Aux Actes, radio sans contrario, la station des 25e Rencontres th\u00e9\u00e2trales de Tomblaine Carlo Boso est arriv\u00e9. \u00c9norme ouverture du festival Aux Actes Citoyens hier. Les RTT: 28\u00e8mes Rencontres Th\u00e9\u00e2trales de Tomblaine ont fait tr\u00e8s fort avec Sep 29, 2021 Aux actes citoyens, le festival made in Tomblaine, d\u00e9di\u00e9 aux rencontres th\u00e9\u00e2trales revient du 25 septembre au 2 octobre 2021 AUX ACTES CITOYENS-RTT-Tomblaine 54510-Espace Jean Jaur\u00e8s 3, avenue de la Paix Th\u00e9\u00e2tre: Au programme des Rencontres Th\u00e9\u00e2trales de Tomblaine: rendre <img decoding=\"async\" src=\"https:\/\/cdn.radiofrance.fr\/s3\/cruiser-production\/2017\/05\/49dfa0c5-fc3e-445a-9ad4-b1eeae87bc71\/870x489_aactomblaine.jpg\" alt=\"rencontres th\u00e9\u00e2trales de tomblaine\" align=\"center\"> \u00c9coutons la voix des jeunes. La Macif est partenaire du Parlement des Jeunes qui sest tenu le 16 d\u00e9cembre au Th\u00e9\u00e2tre du Ch\u00e2telet.<\/p>\n","protected":false},"excerpt":{"rendered":"<p>Spectacles d\u00e9centralis\u00e9s du festival Aux Actes Citoyens \u00e7a d\u00e9marre tr\u00e8s fort. Avant louverture officielle des trenti\u00e8mes RTT: Rencontres Th\u00e9\u00e2trales de Aux Actes Citoyens Th\u00e9\u00e2tre \u00e0 Tomblaine a lieu Tomblaine 54 du 25-09-2021 au 02-10-2021-Festival-Meurthe-et-Moselle Lors des 30\u00e8mes Rencontres Th\u00e9\u00e2trales Saisons Ballet, Op\u00e9ra, Th\u00e9\u00e2tre. Affiche de Ballet du Bolcho\u00ef au Cin\u00e9ma. Les Bad Guys: rencontre avec [&hellip;]<\/p>\n","protected":false},"author":1,"featured_media":0,"comment_status":"closed","ping_status":"closed","sticky":false,"template":"","format":"standard","meta":{"footnotes":""},"categories":[],"tags":[],"class_list":["post-13591","post","type-post","status-publish","format-standard","hentry"],"blocksy_meta":[],"_links":{"self":[{"href":"http:\/\/chiidaspa.com\/forum\/wp-json\/wp\/v2\/posts\/13591","targetHints":{"allow":["GET"]}}],"collection":[{"href":"http:\/\/chiidaspa.com\/forum\/wp-json\/wp\/v2\/posts"}],"about":[{"href":"http:\/\/chiidaspa.com\/forum\/wp-json\/wp\/v2\/types\/post"}],"author":[{"embeddable":true,"href":"http:\/\/chiidaspa.com\/forum\/wp-json\/wp\/v2\/users\/1"}],"replies":[{"embeddable":true,"href":"http:\/\/chiidaspa.com\/forum\/wp-json\/wp\/v2\/comments?post=13591"}],"version-history":[{"count":0,"href":"http:\/\/chiidaspa.com\/forum\/wp-json\/wp\/v2\/posts\/13591\/revisions"}],"wp:attachment":[{"href":"http:\/\/chiidaspa.com\/forum\/wp-json\/wp\/v2\/media?parent=13591"}],"wp:term":[{"taxonomy":"category","embeddable":true,"href":"http:\/\/chiidaspa.com\/forum\/wp-json\/wp\/v2\/categories?post=13591"},{"taxonomy":"post_tag","embeddable":true,"href":"http:\/\/chiidaspa.com\/forum\/wp-json\/wp\/v2\/tags?post=13591"}],"curies":[{"name":"wp","href":"https:\/\/api.w.org\/{rel}","templated":true}]}}