{"id":13604,"date":"2022-11-14T02:29:25","date_gmt":"2022-11-14T02:29:25","guid":{"rendered":"http:\/\/chiidaspa.com\/forum\/?p=13604"},"modified":"2022-11-14T02:29:25","modified_gmt":"2022-11-14T02:29:25","slug":"rencontre-ademe","status":"publish","type":"post","link":"http:\/\/chiidaspa.com\/forum\/rencontre-ademe\/","title":{"rendered":"Rencontre ademe"},"content":{"rendered":"<p>Retrouvez toute lactualit\u00e9 en France et dans le monde, les informations politiques, \u00e9conomiques et religieuses. La r\u00e9daction de La Croix d\u00e9crypte pour vous 1\u00e8re \u00e9dition des Rencontres des Territoires en Transition de lADEME pour r\u00e9pondre aux pr\u00e9occupations des collectivit\u00e9s. En multiplex dans 4 villes Jul 22, 2016. Qui avait consist\u00e9 \u00e0 aller \u00e0 la rencontre des Fran\u00e7ais, Gr\u00e2ce \u00e0 lADEME, le plus souvent en accompagnement, nont pu \u00eatre stimul\u00e9es May 26, 2021 Venez rencontrer un interlocuteur ADEME. INSCRIPTION ICI Lieu: MRES-5 rue Jules de Vicq-59800 Lille et intervention de M. Patrick <img decoding=\"async\" src=\"https:\/\/medias.voyageons-autrement.com\/gallery\/2012\/11\/110.jpg\" alt=\"rencontre ademe\" align=\"left\"> URCA, Vaccination A compter du 9 d\u00e9cembre 2021 Verser la taxe dapprentissage En savoir plus Biblioth\u00e8que Offres demploi Signalement coronavirus Dec 1, 2021 La cinqui\u00e8me p\u00e9riode des certificats d\u00e9conomie d\u00e9nergie CEE d\u00e9bute en 2022. Lors des rencontres CEE organis\u00e9es par lAdeme Feb 19, 2019 LAdeme organise le 11 septembre 2019 les prochaines Rencontres EIE-PTRE qui deviennent cette ann\u00e9e les Rencontres nationales du r\u00e9seau 4 days ago Le cycle de vie dun produit non alimentaire. Dapr\u00e8s une \u00e9tude de lAdeme, les invendus non-alimentaires repr\u00e9sentent 4, 3 milliards deuros Apr 2, 2019 D\u00e9couvrez le programme de cette 7\u00e8me rencontre \u00e0 Paris. Inscrivez-vous d\u00e8s maintenant. Avec lAdeme <img decoding=\"async\" src=\"https:\/\/www.prefectures-regions.gouv.fr\/var\/ire_site\/storage\/images\/hauts-de-france\/actualites\/transition-energetique-et-ecologique-bilan-2017-et-orientations-2018-de-l-ademe-hauts-de-france\/276705-2-fre-FR\/Transition-energetique-et-ecologique-Bilan-2017-et-orientations-2018-de-l-ADEME-Hauts-de-France_articleimage.jpg\" alt=\"rencontre ademe\" align=\"center\"> 26 participants, \u00e9lus ou agents de collectivit\u00e9s, ont assist\u00e9 \u00e0 cette rencontre virtuelle. Les intervenants de ce Webinaire. Introduction Alain Marsollier ADEME. LAgence de lEnvironnement et de la Ma\u00eetrise de lEnergie ADEME participe \u00e0 la mise en \u0153uvre des politiques Nov 8, 2021 LAdeme, \u00c9nergie Partag\u00e9e, la Banque des Territoires et la R\u00e9gion Pays. Rencontrer les acteurs de terrain qui ont d\u00e9velopp\u00e9 des projets \u00c0 lADEME lAgence de la transition \u00e9cologique, nous sommes r\u00e9solument engag\u00e9s dans la lutte contre le r\u00e9chauffement climatique et la d\u00e9gradation des <img decoding=\"async\" src=\"https:\/\/rencontre-hydro-bfc.site.ademe.fr\/Data\/ElFinder\/s101\/AdemeLogo.png\" alt=\"rencontre ademe\" align=\"left\"> Les JNMM deviennent les Rencontres nationales du management de la mobilit\u00e9 RNMM. Les RNMM, organis\u00e9es par lADEME, le CEREMA et le CNFPT, ont lieu cette a 8 days ago 17: 50: Rencontre avec Cyril Carabot, secr\u00e9taire g\u00e9n\u00e9ral du Syndicat. LADEME, lagence de la transition \u00e9cologique, pr\u00e9sente en force \u00e0 Jun 25, 2014 Paris-7\u00e8me arrondissement LAdeme organise les rencontres nationales de la Pr\u00e9vention et de la Planification des d\u00e9chets les 25 et 26 Latteinte des objectifs climat-\u00e9nergie nationaux et internationaux n\u00e9cessite de mobiliser lensemble des leviers existants. Parmi eux: la finance verte Oct 1, 2019. Novembre prochain \u00e0 la quatri\u00e8me \u00e9dition des Rencontres nationales de la Recherche sur les Sites et Sols Pollu\u00e9s organis\u00e9e par lADEME Nov 30, 2021 Retour sur la rencontre annuelle CollECtif Grand Est 2021. 09122021 Amandine Ameline; Entreprises, venez exp\u00e9rimenter un serious game sur 8 days ago Celui qui rencontre le plus de succ\u00e8s dans la vie est celui qui est le plus inform\u00e9. Il sagit dun appui sp\u00e9cifique de lADEME aux CRTE DREAL Occitanie; ADEME; R\u00e9gion Occitanie Pyr\u00e9n\u00e9es-M\u00e9diterran\u00e9e. 29 septembre 2021 \u00e0 Millau: 7e rencontre du R\u00e9seau-compte rendu en images.<\/p>\n","protected":false},"excerpt":{"rendered":"<p>Retrouvez toute lactualit\u00e9 en France et dans le monde, les informations politiques, \u00e9conomiques et religieuses. La r\u00e9daction de La Croix d\u00e9crypte pour vous 1\u00e8re \u00e9dition des Rencontres des Territoires en Transition de lADEME pour r\u00e9pondre aux pr\u00e9occupations des collectivit\u00e9s. En multiplex dans 4 villes Jul 22, 2016. Qui avait consist\u00e9 \u00e0 aller \u00e0 la rencontre [&hellip;]<\/p>\n","protected":false},"author":1,"featured_media":0,"comment_status":"closed","ping_status":"closed","sticky":false,"template":"","format":"standard","meta":{"footnotes":""},"categories":[],"tags":[],"class_list":["post-13604","post","type-post","status-publish","format-standard","hentry"],"blocksy_meta":[],"_links":{"self":[{"href":"http:\/\/chiidaspa.com\/forum\/wp-json\/wp\/v2\/posts\/13604","targetHints":{"allow":["GET"]}}],"collection":[{"href":"http:\/\/chiidaspa.com\/forum\/wp-json\/wp\/v2\/posts"}],"about":[{"href":"http:\/\/chiidaspa.com\/forum\/wp-json\/wp\/v2\/types\/post"}],"author":[{"embeddable":true,"href":"http:\/\/chiidaspa.com\/forum\/wp-json\/wp\/v2\/users\/1"}],"replies":[{"embeddable":true,"href":"http:\/\/chiidaspa.com\/forum\/wp-json\/wp\/v2\/comments?post=13604"}],"version-history":[{"count":0,"href":"http:\/\/chiidaspa.com\/forum\/wp-json\/wp\/v2\/posts\/13604\/revisions"}],"wp:attachment":[{"href":"http:\/\/chiidaspa.com\/forum\/wp-json\/wp\/v2\/media?parent=13604"}],"wp:term":[{"taxonomy":"category","embeddable":true,"href":"http:\/\/chiidaspa.com\/forum\/wp-json\/wp\/v2\/categories?post=13604"},{"taxonomy":"post_tag","embeddable":true,"href":"http:\/\/chiidaspa.com\/forum\/wp-json\/wp\/v2\/tags?post=13604"}],"curies":[{"name":"wp","href":"https:\/\/api.w.org\/{rel}","templated":true}]}}