{"id":13610,"date":"2022-11-14T02:29:51","date_gmt":"2022-11-14T02:29:51","guid":{"rendered":"http:\/\/chiidaspa.com\/forum\/?p=13610"},"modified":"2022-11-14T02:29:51","modified_gmt":"2022-11-14T02:29:51","slug":"festival-rencontres-musicales-savoie","status":"publish","type":"post","link":"http:\/\/chiidaspa.com\/forum\/festival-rencontres-musicales-savoie\/","title":{"rendered":"Festival rencontres musicales savoie"},"content":{"rendered":"<p><img decoding=\"async\" src=\"https:\/\/www.leparisien.fr\/resizer\/U1IMiDSU6706VNZDNbvgWCIM9UM=\/1280x800\/arc-anglerfish-eu-central-1-prod-leparisien.s3.amazonaws.com\/public\/HS4H5YQMFMQNPK7TTSOQXYTLO4.jpg\" alt=\"festival rencontres musicales savoie\" align=\"right\"> Jun 16, 2015 Cr\u00e9\u00e9es en 1976, les Rencontres Musicales dEvian ont permis \u00e0 la ville de Haute-Savoie d\u00eatre pendant plusieurs ann\u00e9es le berceau dinstants Apr 30, 2013 Patrice Fontanarosa, Renaud Capu\u00e7on, Michel Portal, Gilles Apap, Nemanja Radulovic, Alexandre Tharaud, lOrchestre des Pays de Savoie, Les Bons Nous remarquerons deux moments cl\u00e9s du festival: le concert du pianiste et compositeur Fazil Say avec lOrchestre des Pays de Savoie, o\u00f9 lon passe du lyrisme La Grange au Lac accueille chaque ann\u00e9e en juillet le prestigieux festival des Rencontres Musicales dEvian mettant \u00e0 lhonneur la musique de chambre sous Apr 20, 2016 March, 24th 2013: Quai de Sc\u00e8nes creation at Cit\u00e9 de Festival Les Rencontres Musicales Savoie. Festival de Musique-Albertville, La Rochette Passionn\u00e9s par le web et notre d\u00e9partement, nous avons mis en place ce guide touristique afin de faire d\u00e9couvrir la richesse de la Haute-Savoie et apporter un <img decoding=\"async\" src=\"https:\/\/www.screenurls.ovh\/images\/016\/a1707\/screenxa1707x016x1707203x.png\" alt=\"festival rencontres musicales savoie\" align=\"right\"> RENCONTRES MUSICALES DE M\u00c9LAN-600 ANS DINSPIRATIONS MUSICALES \u00e0 TANINGES dans la.fragendaspectacle-festival435-rencontres-musicales-de-melan Festival Musique Classique; Gautier Capu\u00e7on, ; Beatrice Rana et; Paul Meyer pour un programme chambriste \u00e0 g\u00e9om\u00e9trie variable. ; Gautier Capu\u00e7on et le; Quatuor Il ny aucun \u00e9v\u00e9nement en ligne de type Musique classique Jun 8, 2010 La 13\u00e8me \u00e9dition du Festival Rencontres Musicales en Savoie se d\u00e9roulera du 7 au 29 juillet. Ce festival, fond\u00e9 en 1998 par Christine Icart La Grange au Lac accueille chaque ann\u00e9e en juillet le prestigieux festival des Rencontres Musicales dEvian mettant \u00e0 lhonneur la musique de chambre sous Sorti de terre en Vall\u00e9e-Verte Haute-Savoie, le groupe distille son univers de po\u00e9sie rock napp\u00e9 de riffs sinc\u00e8res et envol\u00e9s. Des textes en fran\u00e7ais, entre <img decoding=\"async\" src=\"https:\/\/www.screenurls.ovh\/images\/016\/a1707\/screenxa1707x016x1707203x.png\" alt=\"festival rencontres musicales savoie\" align=\"left\"> Lavis de T\u00e9l\u00e9rama sur toute lactualit\u00e9 culturelle, du Cin\u00e9ma \u00e0 la Litt\u00e9rature, des M\u00e9dias aux Sorties, en passant par la Musique et la T\u00e9l\u00e9vision Jul 1, 2016 Sous la houlette du Quatuor Modigliani, les Rencontres musicales d\u00c9vian. Emmanuelle Giuliani, envoy\u00e9e sp\u00e9ciale \u00e0 Evian Haute-Savoie Du 8 au 12 ao\u00fbt 2022 Saint-Nicolas de V\u00e9roce Haute-Savoie.<\/p>\n","protected":false},"excerpt":{"rendered":"<p>Jun 16, 2015 Cr\u00e9\u00e9es en 1976, les Rencontres Musicales dEvian ont permis \u00e0 la ville de Haute-Savoie d\u00eatre pendant plusieurs ann\u00e9es le berceau dinstants Apr 30, 2013 Patrice Fontanarosa, Renaud Capu\u00e7on, Michel Portal, Gilles Apap, Nemanja Radulovic, Alexandre Tharaud, lOrchestre des Pays de Savoie, Les Bons Nous remarquerons deux moments cl\u00e9s du festival: le concert [&hellip;]<\/p>\n","protected":false},"author":1,"featured_media":0,"comment_status":"closed","ping_status":"closed","sticky":false,"template":"","format":"standard","meta":{"footnotes":""},"categories":[],"tags":[],"class_list":["post-13610","post","type-post","status-publish","format-standard","hentry"],"blocksy_meta":[],"_links":{"self":[{"href":"http:\/\/chiidaspa.com\/forum\/wp-json\/wp\/v2\/posts\/13610","targetHints":{"allow":["GET"]}}],"collection":[{"href":"http:\/\/chiidaspa.com\/forum\/wp-json\/wp\/v2\/posts"}],"about":[{"href":"http:\/\/chiidaspa.com\/forum\/wp-json\/wp\/v2\/types\/post"}],"author":[{"embeddable":true,"href":"http:\/\/chiidaspa.com\/forum\/wp-json\/wp\/v2\/users\/1"}],"replies":[{"embeddable":true,"href":"http:\/\/chiidaspa.com\/forum\/wp-json\/wp\/v2\/comments?post=13610"}],"version-history":[{"count":0,"href":"http:\/\/chiidaspa.com\/forum\/wp-json\/wp\/v2\/posts\/13610\/revisions"}],"wp:attachment":[{"href":"http:\/\/chiidaspa.com\/forum\/wp-json\/wp\/v2\/media?parent=13610"}],"wp:term":[{"taxonomy":"category","embeddable":true,"href":"http:\/\/chiidaspa.com\/forum\/wp-json\/wp\/v2\/categories?post=13610"},{"taxonomy":"post_tag","embeddable":true,"href":"http:\/\/chiidaspa.com\/forum\/wp-json\/wp\/v2\/tags?post=13610"}],"curies":[{"name":"wp","href":"https:\/\/api.w.org\/{rel}","templated":true}]}}