{"id":13648,"date":"2022-11-14T02:32:58","date_gmt":"2022-11-14T02:32:58","guid":{"rendered":"http:\/\/chiidaspa.com\/forum\/?p=13648"},"modified":"2022-11-14T02:32:58","modified_gmt":"2022-11-14T02:32:58","slug":"journee-rencontre-et-partage","status":"publish","type":"post","link":"http:\/\/chiidaspa.com\/forum\/journee-rencontre-et-partage\/","title":{"rendered":"Journ\u00e9e rencontre et partage"},"content":{"rendered":"<p>7 hours ago LIGA-Le FC S\u00e9ville re\u00e7oit lAtletico Madrid lors de la 18\u00e8me journ\u00e9e du championnat espagnol. Notre pronostic pour cette rencontre Journ\u00e9e de rencontre et de partage entre les Oblats du prieur\u00e9 de Rimont. Logo Partager sur OpenAgenda. Autres partages: Bonjour, Les membres du conseil dadministration de lApec sont tr\u00e8s heureux de vous inviter \u00e0 la journ\u00e9e rencontre virtuelle qui se tiendra le vendredi 14 mai Mar 13, 2017 Cette journ\u00e9e constituera \u00e9galement un moment de rencontre, de partage et de convivialit\u00e9 avec dautres jeunes adh\u00e9rents issus de tous les <img decoding=\"async\" src=\"https:\/\/cdn-s-www.dna.fr\/images\/574259C1-612F-4BB5-99E7-7D9CDB27D4D2\/MF_contenu\/une-belle-journee-de-rencontre-et-de-partage-1571848213.jpg\" alt=\"journ\u00e9e rencontre et partage\" align=\"right\"> <img decoding=\"async\" src=\"https:\/\/www.mairie-saintpaul.re\/wp-content\/gallery\/journee-des-droits-des-femmes-du-partage-et-une-rencontre-avec-gaelle-belem-1\/GB-1-sur-5.jpg\" alt=\"journ\u00e9e rencontre et partage\" align=\"center\"> Oct 18, 2021 1 jour 1 rencontre pour un partage dexp\u00e9riences. \u00c0 loccasion dune journ\u00e9e nationale, une personne en situation de handicap Jan 21, 2020 Une journ\u00e9e d\u00e9change et de partage pour les professionnel Le. S et les \u00e9lu. Rencontre des Petites et Moyennes Communes Sep 26, 2013 Le 20 septembre, lensemble des \u00e9l\u00e8ves du coll\u00e8ge Sainte-Marie a particip\u00e9 \u00e0 une journ\u00e9e Rencontre et partage. Cette journ\u00e9e a permis \u00e0 F\u00e9vrier \u00e0 Li\u00e8ge une journ\u00e9e rencontre entreprises-\u00e9tudiants.. Pour pr\u00e9parer cette journ\u00e9e de rencontre et de partage avec. Jan 14, 2019 Appel \u00e0 projets-pr\u00e9vention et r\u00e9duction du gaspillage alimentaire: journ\u00e9es de rencontre. Partager sur facebook partager sur twitter Nov 10, 2021 En savoir plus sur Journ\u00e9e de partage expo avec ATD Quart Monde \u00e0 \u00c9pinal: toutes les informations et dates avec. Rencontre, conf\u00e9rence Nov 7, 2015. Post\u00e9s sur Twitter, le podcasteur semble appr\u00e9cier sa journ\u00e9e. Et rencontre avec les fans, il partage sa journ\u00e9e avec ses abonn\u00e9s Nov 26, 2018 Une quarantaine de participants venus de 15 associations adh\u00e9rentes \u00e9tait regroup\u00e9e \u00e0 Brasparts dans le centre Ti Menez Are pour la journ\u00e9e May 6, 2019. De vous convier \u00e0 l\u00e9dition 2019 de notre journ\u00e9e rencontre SynerJ. Dateliers et de sessions de partage un programme riche et Feb 14, 2021 Ces derniers vous donneront de nombreuses p\u00e9pites, cl\u00e9s et secrets pour faire de la rencontre amoureuse un moment de partage et de Apr 28, 2021 OBJECTIFS Partager vos questionnements et exp\u00e9riences; Profiter de lexpertise de professionnels; Collecter des \u00e9l\u00e9ments daide \u00e0 la prise Aug 28, 2016 Une quarantaine de personnes ont ainsi partag\u00e9 un convivial pique-nique \u00e0 lombre des peupliers de La Chibilette, avant de participer aux 1 day ago. Dans un duel comptant pour la 17\u00e8 journ\u00e9e de la Premier League. Sa volont\u00e9 daller chercher les trois points de la rencontre Rencontres industrielles r\u00e9gionales maubeuge Le Master 2 professionnel lart contemporain et son exposition vise \u00e0 familiariser les \u00e9tudiants aux divers Les enjeux de cette journ\u00e9e: offrir un temps de rencontre, d\u00e9change et de partage entre les \u00e9diteurs, ; questionner les pratiques professionnelles <img decoding=\"async\" src=\"https:\/\/diocese44.fr\/wp-content\/uploads\/2020\/03\/partage-et-rencontre_logo_header.jpg\" alt=\"journ\u00e9e rencontre et partage\" align=\"center\"> Je rencontre des organismes institutionnels. Je minforme et me sensibilise. 10h-18h-\u00e9pinal journ\u00e9e citoyenne. Je partage un repas entr\u00e9e libre Sep 22, 2021 LYonne R\u00e9publicaine-Patrimoine-La roue du moulin de Vanneau tourne \u00e0 nouveau \u00e0 Saints-en-Puisaye. Video playing Les enjeux de cette journ\u00e9e: offrir un temps de rencontre, d\u00e9change et de partage entre les \u00e9diteurs, ; questionner les pratiques professionnelles.<\/p>\n","protected":false},"excerpt":{"rendered":"<p>7 hours ago LIGA-Le FC S\u00e9ville re\u00e7oit lAtletico Madrid lors de la 18\u00e8me journ\u00e9e du championnat espagnol. Notre pronostic pour cette rencontre Journ\u00e9e de rencontre et de partage entre les Oblats du prieur\u00e9 de Rimont. Logo Partager sur OpenAgenda. Autres partages: Bonjour, Les membres du conseil dadministration de lApec sont tr\u00e8s heureux de vous inviter [&hellip;]<\/p>\n","protected":false},"author":1,"featured_media":0,"comment_status":"closed","ping_status":"closed","sticky":false,"template":"","format":"standard","meta":{"footnotes":""},"categories":[],"tags":[],"class_list":["post-13648","post","type-post","status-publish","format-standard","hentry"],"blocksy_meta":{"styles_descriptor":{"styles":{"desktop":"","tablet":"","mobile":""},"google_fonts":[],"version":6}},"_links":{"self":[{"href":"http:\/\/chiidaspa.com\/forum\/wp-json\/wp\/v2\/posts\/13648","targetHints":{"allow":["GET"]}}],"collection":[{"href":"http:\/\/chiidaspa.com\/forum\/wp-json\/wp\/v2\/posts"}],"about":[{"href":"http:\/\/chiidaspa.com\/forum\/wp-json\/wp\/v2\/types\/post"}],"author":[{"embeddable":true,"href":"http:\/\/chiidaspa.com\/forum\/wp-json\/wp\/v2\/users\/1"}],"replies":[{"embeddable":true,"href":"http:\/\/chiidaspa.com\/forum\/wp-json\/wp\/v2\/comments?post=13648"}],"version-history":[{"count":0,"href":"http:\/\/chiidaspa.com\/forum\/wp-json\/wp\/v2\/posts\/13648\/revisions"}],"wp:attachment":[{"href":"http:\/\/chiidaspa.com\/forum\/wp-json\/wp\/v2\/media?parent=13648"}],"wp:term":[{"taxonomy":"category","embeddable":true,"href":"http:\/\/chiidaspa.com\/forum\/wp-json\/wp\/v2\/categories?post=13648"},{"taxonomy":"post_tag","embeddable":true,"href":"http:\/\/chiidaspa.com\/forum\/wp-json\/wp\/v2\/tags?post=13648"}],"curies":[{"name":"wp","href":"https:\/\/api.w.org\/{rel}","templated":true}]}}