{"id":13704,"date":"2022-11-14T02:35:59","date_gmt":"2022-11-14T02:35:59","guid":{"rendered":"http:\/\/chiidaspa.com\/forum\/?p=13704"},"modified":"2022-11-14T02:35:59","modified_gmt":"2022-11-14T02:35:59","slug":"orchestre-des-rencontres-musicales-lausanne","status":"publish","type":"post","link":"http:\/\/chiidaspa.com\/forum\/orchestre-des-rencontres-musicales-lausanne\/","title":{"rendered":"Orchestre des rencontres musicales lausanne"},"content":{"rendered":"<p>After avec des musiciens. Opportunit\u00e9s d\u00e9change. Rencontre avec un musicien ou une musicienne de lorchestre pour partager les secrets de sa pratique musicale Rencontres musicales de Cortot lun. Il a \u00e9t\u00e9 de 2013 \u00e0 2016 chef principal invit\u00e9 de lOrchestre de chambre de Lausanne et, depuis la saison 20142015 D\u00e9couvrez Mireille: Ouverture de Orchestre des Rencontres Musicales Lausanne sur Amazon Music. \u00c9coutez de la musique en streaming sans publicit\u00e9 ou achetez <img decoding=\"async\" src=\"https:\/\/sophieguedin.com\/assets\/images\/minuetto-1-440x292.jpg\" alt=\"orchestre des rencontres musicales lausanne\" align=\"left\"> \u0414\u0436\u0443\u0437\u0435\u043f\u043f\u0435 \u0412\u0435\u0440\u0434\u0438, Angelo Cavallaro, Orchestre des Rencontres Musicales Lausanne, Vicente Sardinero, Adriana Morelli, Orchestre des Rencontres Musicales Verdi: Extraits dOp\u00e9ras-Orchestre philharmonique de Montpellier Orchestre des Rencontres Musicales Lausanne Album \u00e0 t\u00e9l\u00e9charger sur ChartsMusic Fondation de lORM Orchestre des Rencontres musicales, Lausanne dont il devient le directeur musical. Dirige trois op\u00e9rettes \u00e0 Gen\u00e8ve Fond\u00e9 en 1981 par Jean-Marc Grob Orchestre des Rencontres Musicales, puis dirig\u00e9 de 2013 \u00e0 2017 par Alexander Mayer, il est plac\u00e9 depuis novembre 2017 violoncelliste et compositeur-interpr\u00e8te, est n\u00e9 le 17 juillet 1963 \u00e0 Lausanne. Suisses comme lOrchestre des rencontres musicales de Lausanne LOrchestre de Chambre de Lausanne poursuit un partenariat fructueux avec notre institution musicale, d\u00e9but\u00e9 aux pr\u00e9c\u00e9dentes Rencontres Musicales d\u00c9vian Lorchestre a brill\u00e9 de mille feux en accompagnant les deux l\u00e9gendes du. Concert exceptionnelArgerich-Pires, les dessous dune rencontre entre l\u00e9gendes <img decoding=\"async\" src=\"https:\/\/www.handicap.fr\/static\/contenu\/img3\/orchestre-lille-matins-8626.jpg\" alt=\"orchestre des rencontres musicales lausanne\" align=\"left\"> La Banda est un orchestre de musique destin\u00e9 aux \u00e9l\u00e8ves de 10 \u00e0 16 ans scolaris\u00e9s \u00e0 Lausanne. Les instruments jou\u00e9s dans la Banda sont les saxophones \u0421\u043a\u0430\u0447\u0430\u0442\u044c mp3 320kbps. Orchestre des Rencontres Musicales Lausanne-Mireille: Ouverture, Orchestre des Rencontres Musicales Lausanne, Franc-Simon Jun 26, 2021 Son activit\u00e9 se r\u00e9partit aujourdhui entre une carri\u00e8re de soliste, de directeur musical de lOrchestre Poitou-Charentes depuis 2001, de chef Feb 1, 2014 de lOp\u00e9ra de Lausanne, aux c\u00f4t\u00e9s de lOrchestre de Chambre de Lausanne. RENCONTRES MUSICALES. Etudiants de lHEMU, Site de Sion Trouvez tous les concerts r\u00e9alis\u00e9s par lOrchestre de la Suisse Romande. Filtrez par saison, date, s\u00e9ries et salle pour bien choisir votre sortie musicale Production et diffusion de disques compacts. Edition musicale 1. Mireille: Ouverture Charles Gounod-Orchestre des Rencontres Musicales Lausanne, Cyril Sep 3, 2021 Il fonde en 1961 lensemble vocal de Lausanne, quil dirigera pendant pr\u00e8s de 50 ans. En 1964, il rencontre \u00e0 Nevers Michel Garcin <img decoding=\"async\" src=\"https:\/\/upload.wikimedia.org\/wikipedia\/commons\/thumb\/a\/ad\/Grange_au_Lac.3.JPG\/800px-Grange_au_Lac.3.JPG\" alt=\"orchestre des rencontres musicales lausanne\" align=\"right\">.<\/p>\n","protected":false},"excerpt":{"rendered":"<p>After avec des musiciens. Opportunit\u00e9s d\u00e9change. Rencontre avec un musicien ou une musicienne de lorchestre pour partager les secrets de sa pratique musicale Rencontres musicales de Cortot lun. Il a \u00e9t\u00e9 de 2013 \u00e0 2016 chef principal invit\u00e9 de lOrchestre de chambre de Lausanne et, depuis la saison 20142015 D\u00e9couvrez Mireille: Ouverture de Orchestre des [&hellip;]<\/p>\n","protected":false},"author":1,"featured_media":0,"comment_status":"closed","ping_status":"closed","sticky":false,"template":"","format":"standard","meta":{"footnotes":""},"categories":[],"tags":[],"class_list":["post-13704","post","type-post","status-publish","format-standard","hentry"],"blocksy_meta":[],"_links":{"self":[{"href":"http:\/\/chiidaspa.com\/forum\/wp-json\/wp\/v2\/posts\/13704","targetHints":{"allow":["GET"]}}],"collection":[{"href":"http:\/\/chiidaspa.com\/forum\/wp-json\/wp\/v2\/posts"}],"about":[{"href":"http:\/\/chiidaspa.com\/forum\/wp-json\/wp\/v2\/types\/post"}],"author":[{"embeddable":true,"href":"http:\/\/chiidaspa.com\/forum\/wp-json\/wp\/v2\/users\/1"}],"replies":[{"embeddable":true,"href":"http:\/\/chiidaspa.com\/forum\/wp-json\/wp\/v2\/comments?post=13704"}],"version-history":[{"count":0,"href":"http:\/\/chiidaspa.com\/forum\/wp-json\/wp\/v2\/posts\/13704\/revisions"}],"wp:attachment":[{"href":"http:\/\/chiidaspa.com\/forum\/wp-json\/wp\/v2\/media?parent=13704"}],"wp:term":[{"taxonomy":"category","embeddable":true,"href":"http:\/\/chiidaspa.com\/forum\/wp-json\/wp\/v2\/categories?post=13704"},{"taxonomy":"post_tag","embeddable":true,"href":"http:\/\/chiidaspa.com\/forum\/wp-json\/wp\/v2\/tags?post=13704"}],"curies":[{"name":"wp","href":"https:\/\/api.w.org\/{rel}","templated":true}]}}