{"id":13823,"date":"2022-11-14T02:43:50","date_gmt":"2022-11-14T02:43:50","guid":{"rendered":"http:\/\/chiidaspa.com\/forum\/?p=13823"},"modified":"2022-11-14T02:43:50","modified_gmt":"2022-11-14T02:43:50","slug":"rencontres-cerfs-volants-berck","status":"publish","type":"post","link":"http:\/\/chiidaspa.com\/forum\/rencontres-cerfs-volants-berck\/","title":{"rendered":"Rencontres cerfs volants berck"},"content":{"rendered":"<p>Mar 22, 2017 Du 1er au 9 avril se tiennent les 31\u00e8mes Rencontres Internationales de Cerfs-Volants \u00e0 Berck-sur-Mer, un rendez-vous haut en couleur sur la Les rencontres internationales de cerfs-volants de Berck-sur-Mer, qui se d\u00e9roulent habituellement en avril, ne pourront pas avoir lieu pour May 13, 2019 Plut\u00f4t appel\u00e9 le Festival des Cerfs-Volants, les Rencontres Internationales du Cerf-Volant ou RICV \u00e0 Berck sont une occasion de dizaine de jours, les meilleurs cerf-volistes du monde saffrontent sur la plage de Berck-sur-Mer lors des Rencontres Internationales de Cerfs-Volants Les Rencontres Internationales de Cerfs-Volants RICV sont organis\u00e9es chaque ann\u00e9e par lOffice de Tourisme de Berck-sur-Mer et la ville de Berck-sur-Mer <img decoding=\"async\" src=\"https:\/\/www.jdanimation.fr\/sites\/default\/files\/agenda\/envoletoi.jpg\" alt=\"rencontres cerfs volants berck\" align=\"center\"> Oct 23, 2021 P\u00e9riodicit\u00e9; du 23 avril au 01 mai 2022, Berck France, Plage de Berck; en avril 2023., Berck France, Plage de Berck En avril se d\u00e9roulent \u00e0 Berck sur Mer les Rencontres Internationales de Cerfs-volants, un grand show de vent qui attire chaque ann\u00e9e des centaines de <img decoding=\"async\" src=\"https:\/\/assets.justacote.com\/photos_entreprises\/rencontres-intern-de-cerfs-volants-berck-sur-mer-13797540890.jpg\" alt=\"rencontres cerfs volants berck\" align=\"left\"> <img decoding=\"async\" src=\"https:\/\/www.domainedediane.com\/img\/actualites\/68\/68.jpg\" alt=\"rencontres cerfs volants berck\" align=\"left\"> Apr 5, 2012 26es Rencontres Internationales de Cerfs Volants \u00e0 Berck-sur-Mer. Canard Volant 1. N Le. Zoom sur. Larriv\u00e9e du serpent de mer poilu Mar 10, 2020 Les 34e rencontres internationales de cerfs-volants \u00e0 Berck-sur-Mer Pas-de-Calais, qui devaient se d\u00e9rouler du 11 au 19 avril Camping pour les cerfs-volants de berck 2019. Comme chaque ann\u00e9e, le camping des 4 plages vous accueille \u00e0 loccasion des rencontres internationales de Retrouvez \u00e0 Berck la 33\u00e8me \u00e9dition des Rencontres Internationales de Cerfs-volants. Les RICV ont fait vivre des moments intenses, comme par exemple le vol Berck-sur-Mer: 33e Rencontres Internationales de Cerfs-Volants. Par Oph\u00e9lie Duriez R\u00e9dig\u00e9 le 16042019 derni\u00e8re modification le 15042019 Apr 20, 2015 Berck-sur-Mer, capitale du cerf-volant. Les Rencontres internationales de cerfs-volants durent jusquau 26 avril Michel SpinglerAPSIPA Apr 11, 2019 La 33\u00e8me \u00e9dition des Rencontres Internationales des Cerfs-Volants \u00e0 Berck-sur-Mer. Plus de 500 cervolistes venus des quatre coins de la Apr 13, 2018 La prochaine \u00e9dition des Rencontres Internationales de Cerfs-Volants de Berck-sur-Mer aura lieu du 14 au 22 avril 2018 \u00c9V\u00c9NEMENT ANNUL\u00c9 D\u00e9couvrez les secrets du cerf-volant, ses l\u00e9gendes, ses traditions. Tous les jours de 10h \u00e0 18h sur la plage de Berck-sur-mer.<\/p>\n","protected":false},"excerpt":{"rendered":"<p>Mar 22, 2017 Du 1er au 9 avril se tiennent les 31\u00e8mes Rencontres Internationales de Cerfs-Volants \u00e0 Berck-sur-Mer, un rendez-vous haut en couleur sur la Les rencontres internationales de cerfs-volants de Berck-sur-Mer, qui se d\u00e9roulent habituellement en avril, ne pourront pas avoir lieu pour May 13, 2019 Plut\u00f4t appel\u00e9 le Festival des Cerfs-Volants, les Rencontres [&hellip;]<\/p>\n","protected":false},"author":1,"featured_media":0,"comment_status":"closed","ping_status":"closed","sticky":false,"template":"","format":"standard","meta":{"footnotes":""},"categories":[],"tags":[],"class_list":["post-13823","post","type-post","status-publish","format-standard","hentry"],"blocksy_meta":[],"_links":{"self":[{"href":"http:\/\/chiidaspa.com\/forum\/wp-json\/wp\/v2\/posts\/13823","targetHints":{"allow":["GET"]}}],"collection":[{"href":"http:\/\/chiidaspa.com\/forum\/wp-json\/wp\/v2\/posts"}],"about":[{"href":"http:\/\/chiidaspa.com\/forum\/wp-json\/wp\/v2\/types\/post"}],"author":[{"embeddable":true,"href":"http:\/\/chiidaspa.com\/forum\/wp-json\/wp\/v2\/users\/1"}],"replies":[{"embeddable":true,"href":"http:\/\/chiidaspa.com\/forum\/wp-json\/wp\/v2\/comments?post=13823"}],"version-history":[{"count":0,"href":"http:\/\/chiidaspa.com\/forum\/wp-json\/wp\/v2\/posts\/13823\/revisions"}],"wp:attachment":[{"href":"http:\/\/chiidaspa.com\/forum\/wp-json\/wp\/v2\/media?parent=13823"}],"wp:term":[{"taxonomy":"category","embeddable":true,"href":"http:\/\/chiidaspa.com\/forum\/wp-json\/wp\/v2\/categories?post=13823"},{"taxonomy":"post_tag","embeddable":true,"href":"http:\/\/chiidaspa.com\/forum\/wp-json\/wp\/v2\/tags?post=13823"}],"curies":[{"name":"wp","href":"https:\/\/api.w.org\/{rel}","templated":true}]}}