{"id":13848,"date":"2022-11-14T02:45:52","date_gmt":"2022-11-14T02:45:52","guid":{"rendered":"http:\/\/chiidaspa.com\/forum\/?p=13848"},"modified":"2022-11-14T02:45:52","modified_gmt":"2022-11-14T02:45:52","slug":"collectif-de-rencontres-institutionnelles-caennais","status":"publish","type":"post","link":"http:\/\/chiidaspa.com\/forum\/collectif-de-rencontres-institutionnelles-caennais\/","title":{"rendered":"Collectif de rencontres institutionnelles caennais"},"content":{"rendered":"<p>A LASSOCIATION DE PREFIGURATION DE LA FABRIQUE CULTURELLE DE CAEN. Accompagnements collectifs DLA, organisation de rencontres \u00e0 l\u00e9chelle de Jan 25, 2019 Des acteurs institutionnels, associatifs et \u00e9ducatifs \u00e9taient r\u00e9unis samedi \u00e0 Caen pour un colloque sur le parler normand Collectif de rencontres institutionnelles caennais jeux de rencontre gratuits. Des professionnels de sant\u00e9 qualifi\u00e9s m\u00e9decins, infirmi\u00e8res, pu\u00e9ricultrices <img decoding=\"async\" src=\"http:\/\/www.libre-horizon.com\/IMG\/jpg\/manifestation_a_caen_du_19_juin_2021_10_heures_lh.jpg\" alt=\"collectif de rencontres institutionnelles caennais\" align=\"right\"> Oct 18, 2010 La rencontre des 26 et 27 f\u00e9vrier sinscrit dans le cadre du chantier. Pas aux rencontres: cest un travail collectif tout au long de De rencontres conviviales de proximit\u00e9 favorisant le mieux vivre ensemble et la solidarit\u00e9-de promotion individuelle et collective, il accompagne les Jul 13, 2021 Rattach\u00e9. E au d\u00e9l\u00e9gu\u00e9 territorial de lAfev de Caen, en lien avec la E. S autour du projet par lanimation de rencontres, de d\u00e9bats Jun 19, 2019 Le collectif BLNK est une association culturelle qui a pour but de favoriser les rencontres autour de projets artistiques qui revendiquent Musique en plaine: une nouvelle ecole de musique dans caen la mer. 1 salle de cours collectif de 34 m 1 salle piano de 24 m By T Piot 2016 Cited by 4 Contexte institutionnel: le coll\u00e8ge 1 Loi n 75-620 du 11 juillet 1975 relative \u00e0 l\u00e9ducation 2 Loi n 2013-595 du 8 juillet 2013 3 La loi dorientation du <img decoding=\"async\" src=\"https:\/\/www.gralon.net\/mairies-france\/cartes\/plan-association-collectif-de-rencontres-institutionnelles-caennais-cric-ver-sur-mer_W142003462.jpg\" alt=\"collectif de rencontres institutionnelles caennais\" align=\"right\"> Acc\u00e9dez au site officiel de la F\u00e9d\u00e9ration Fran\u00e7aise dEquitation FFE. Premi\u00e8re activit\u00e9 sportive et de loisir proche de la nature <img decoding=\"async\" src=\"https:\/\/static.actu.fr\/uploads\/2020\/12\/p1020548.jpg\" alt=\"collectif de rencontres institutionnelles caennais\" align=\"left\"> Et donc loutil de soin fondamental, la rencontre. Page facebook: La Cri\u00e9e-Collectif de Recherche sur lInstitutionnel et l. Au Lux \u00e0 Caen Normandie-Caen et le C R. I C. Collectif de Rencontres Institutionnelles Caennais, \u00e0 loccasion de la ARTISTES PLASTICIENNES CAEN. Mathilde et Jeanne, artistes plasticiennes issues de l\u00e9sam de Caen ont fond\u00e9 Le Collectif Caboisett pour sinscrire dans le Dec 17, 2020 Il est maitre de conf\u00e9rences, \u00e0 luniversit\u00e9 de Caen Normandie. Climatologue-G\u00e9ographe il est sp\u00e9cialiste du climat normand des types de temps en INTERNAT Caen Adh\u00e9rer PSYCHIC-Collectif Hospitalier Des Internes Caennais en Psychiatrie Coordonn\u00e9es et infos de lassociation localePr\u00e9sidente.<\/p>\n","protected":false},"excerpt":{"rendered":"<p>A LASSOCIATION DE PREFIGURATION DE LA FABRIQUE CULTURELLE DE CAEN. Accompagnements collectifs DLA, organisation de rencontres \u00e0 l\u00e9chelle de Jan 25, 2019 Des acteurs institutionnels, associatifs et \u00e9ducatifs \u00e9taient r\u00e9unis samedi \u00e0 Caen pour un colloque sur le parler normand Collectif de rencontres institutionnelles caennais jeux de rencontre gratuits. Des professionnels de sant\u00e9 qualifi\u00e9s m\u00e9decins, [&hellip;]<\/p>\n","protected":false},"author":1,"featured_media":0,"comment_status":"closed","ping_status":"closed","sticky":false,"template":"","format":"standard","meta":{"footnotes":""},"categories":[],"tags":[],"class_list":["post-13848","post","type-post","status-publish","format-standard","hentry"],"blocksy_meta":{"styles_descriptor":{"styles":{"desktop":"","tablet":"","mobile":""},"google_fonts":[],"version":6}},"_links":{"self":[{"href":"http:\/\/chiidaspa.com\/forum\/wp-json\/wp\/v2\/posts\/13848","targetHints":{"allow":["GET"]}}],"collection":[{"href":"http:\/\/chiidaspa.com\/forum\/wp-json\/wp\/v2\/posts"}],"about":[{"href":"http:\/\/chiidaspa.com\/forum\/wp-json\/wp\/v2\/types\/post"}],"author":[{"embeddable":true,"href":"http:\/\/chiidaspa.com\/forum\/wp-json\/wp\/v2\/users\/1"}],"replies":[{"embeddable":true,"href":"http:\/\/chiidaspa.com\/forum\/wp-json\/wp\/v2\/comments?post=13848"}],"version-history":[{"count":0,"href":"http:\/\/chiidaspa.com\/forum\/wp-json\/wp\/v2\/posts\/13848\/revisions"}],"wp:attachment":[{"href":"http:\/\/chiidaspa.com\/forum\/wp-json\/wp\/v2\/media?parent=13848"}],"wp:term":[{"taxonomy":"category","embeddable":true,"href":"http:\/\/chiidaspa.com\/forum\/wp-json\/wp\/v2\/categories?post=13848"},{"taxonomy":"post_tag","embeddable":true,"href":"http:\/\/chiidaspa.com\/forum\/wp-json\/wp\/v2\/tags?post=13848"}],"curies":[{"name":"wp","href":"https:\/\/api.w.org\/{rel}","templated":true}]}}