{"id":13852,"date":"2022-11-14T02:46:06","date_gmt":"2022-11-14T02:46:06","guid":{"rendered":"http:\/\/chiidaspa.com\/forum\/?p=13852"},"modified":"2022-11-14T02:46:06","modified_gmt":"2022-11-14T02:46:06","slug":"les-rencontres-des-arles-2011","status":"publish","type":"post","link":"http:\/\/chiidaspa.com\/forum\/les-rencontres-des-arles-2011\/","title":{"rendered":"Les rencontres des arles 2011"},"content":{"rendered":"<p>0 avalia\u00e7\u00f5es. Sinopse: \u00c0 travers une cinquantaine dexpositions install\u00e9es dans divers lieux patrimoniaux exceptionnels de la ville, les Rencontres D\u00e9couvrez sur decitre. Fr Les rencontres dArles photographie 2011-Non conforme uncertified par Jean-No\u00ebl Jeanneney-\u00c9diteur Actes Sud-Librairie Dec 5, 2021 le rencontres arles 2011 Une derni\u00e8re fois pour ce projet qua \u00e9t\u00e9 Camlann, je vais remercier Kayji pour son travail pour lintro et loutro Aux Rencontres dArles 2011. Rencontre avec Christophe Agou, photographe auteur, pr\u00e9sentant ses collections Du Massif Central \u00e0 New-York, Inside Out Jul 4, 2011 I MANIFESTES. From Here on. Par Cl\u00e9ment Ch\u00e9roux, Joan Fontcuberta, Erik Kessels, Martin Parr, Joachim Schmid Et voici donc quelques articles sur les Rencontres dArles, m\u00eame si jy fus aussi occup\u00e9 \u00e0. Fukushima Exclusion Zone, 2011 2016, photo de lauteur <img decoding=\"async\" src=\"https:\/\/fr.shopping.rakuten.com\/photo\/images-hors-serie-rencontres-photo-arles-2011-891686889_ML.jpg\" alt=\"les rencontres des arles 2011\" align=\"center\"> <img decoding=\"async\" src=\"https:\/\/www.rencontres-arles.com\/files\/exhibition_thumbnail_665.jpg\" alt=\"les rencontres des arles 2011\" align=\"left\"> D\u00e9couvrez lEtablissement fran\u00e7ais du sang, lop\u00e9rateur civil unique de la transfusion sanguine en France Lapr\u00e8s-midi, lensoleillement se maintient \u00e0 un bon niveau, des nuages \u00e9parses sinstallent sur les pentes ouest et sud, sans cons\u00e9quence pluvieuse. Les Du 04 Juillet au 18 Septembre 2011 categorie 42 Edition Centre ville dArles Arles Provence-Alpes-C\u00f4te dAzur Bouches-du-Rh\u00f4ne 13 Jul 1, 2018 La 49e \u00e9dition des Rencontres dArles ouvre ses portes aujourdhui, faisant vibrer une nouvelle fois la ville et la r\u00e9gion au rythme de la Jul 1, 2011 Pour leur 42e \u00e9dition, les Rencontres dArles donnent rendez-vous aux amateurs, collectionneurs et professionnels de la photographie Accueil Minist\u00e8re Presse Archives Presse Archives Dossiers de presse 2011-2018 Ann\u00e9e 2011; Rencontres dArles 2011. Dossier de presse Jul 4, 2019 En 2011, lexposition manifeste From here on, reprenant des \u0153uvres cr\u00e9\u00e9es par les artistes \u00e0 partir dimages r\u00e9cup\u00e9r\u00e9es sur la toile Les Rencontres dArles 2011-42nd edition Reli\u00e9 achat en ligne au meilleur prix sur E Leclerc. Retrait gratuit dans de 700 magasins <img decoding=\"async\" src=\"https:\/\/www.polkamagazine.com\/app\/uploads\/2020\/04\/2020-Arles-Rencontres-A4-FR-919x1300.jpg\" alt=\"les rencontres des arles 2011\" align=\"center\"> Rencontres D Arles pas cher Neuf et occasion Meilleurs prix du web 5. Les Rencontres Darles Photographie 2011-Non Conforme Uncertified.<\/p>\n","protected":false},"excerpt":{"rendered":"<p>0 avalia\u00e7\u00f5es. Sinopse: \u00c0 travers une cinquantaine dexpositions install\u00e9es dans divers lieux patrimoniaux exceptionnels de la ville, les Rencontres D\u00e9couvrez sur decitre. Fr Les rencontres dArles photographie 2011-Non conforme uncertified par Jean-No\u00ebl Jeanneney-\u00c9diteur Actes Sud-Librairie Dec 5, 2021 le rencontres arles 2011 Une derni\u00e8re fois pour ce projet qua \u00e9t\u00e9 Camlann, je vais remercier Kayji [&hellip;]<\/p>\n","protected":false},"author":1,"featured_media":0,"comment_status":"closed","ping_status":"closed","sticky":false,"template":"","format":"standard","meta":{"footnotes":""},"categories":[],"tags":[],"class_list":["post-13852","post","type-post","status-publish","format-standard","hentry"],"blocksy_meta":[],"_links":{"self":[{"href":"http:\/\/chiidaspa.com\/forum\/wp-json\/wp\/v2\/posts\/13852","targetHints":{"allow":["GET"]}}],"collection":[{"href":"http:\/\/chiidaspa.com\/forum\/wp-json\/wp\/v2\/posts"}],"about":[{"href":"http:\/\/chiidaspa.com\/forum\/wp-json\/wp\/v2\/types\/post"}],"author":[{"embeddable":true,"href":"http:\/\/chiidaspa.com\/forum\/wp-json\/wp\/v2\/users\/1"}],"replies":[{"embeddable":true,"href":"http:\/\/chiidaspa.com\/forum\/wp-json\/wp\/v2\/comments?post=13852"}],"version-history":[{"count":0,"href":"http:\/\/chiidaspa.com\/forum\/wp-json\/wp\/v2\/posts\/13852\/revisions"}],"wp:attachment":[{"href":"http:\/\/chiidaspa.com\/forum\/wp-json\/wp\/v2\/media?parent=13852"}],"wp:term":[{"taxonomy":"category","embeddable":true,"href":"http:\/\/chiidaspa.com\/forum\/wp-json\/wp\/v2\/categories?post=13852"},{"taxonomy":"post_tag","embeddable":true,"href":"http:\/\/chiidaspa.com\/forum\/wp-json\/wp\/v2\/tags?post=13852"}],"curies":[{"name":"wp","href":"https:\/\/api.w.org\/{rel}","templated":true}]}}