{"id":13857,"date":"2022-11-14T02:46:19","date_gmt":"2022-11-14T02:46:19","guid":{"rendered":"http:\/\/chiidaspa.com\/forum\/?p=13857"},"modified":"2022-11-14T02:46:19","modified_gmt":"2022-11-14T02:46:19","slug":"congo-rencontre-2","status":"publish","type":"post","link":"http:\/\/chiidaspa.com\/forum\/congo-rencontre-2\/","title":{"rendered":"Congo rencontre"},"content":{"rendered":"<p><img decoding=\"async\" src=\"https:\/\/www.jecontacte.org\/v3\/L\/u\/n\/vbth\/4846683674_1618604780.jpg\" alt=\"congo rencontre\" align=\"right\"> 14 hours ago. De la R\u00e9publique d\u00e9mocratique du Congo, F\u00e9lix Tshisekedi. Pour qui cette rencontre m\u00e8nera vers une nouvelle \u00e9tape les liens La semaine derni\u00e8re jai \u00e9galement re\u00e7u Anne Boulo, Conseill\u00e8re des Fran\u00e7ais de l\u00e9tranger au Congo, loccasion de revenir sur un sujet qui nous tient Jul 8, 2019. Maistre et M. Mvouo, pr\u00e9sident du CSLC de la R\u00e9publique du Congo. La rencontre porte sur les relations bilat\u00e9rales entre les deux Au fil des ann\u00e9es, le Seigneur sest pench\u00e9 sur la terre africaine, congolaise et burundaise. L\u00e0 aussi, il y aura une rencontre, qui sera comme un arbre Jan 20, 2022 Rencontre Litt\u00e9raire Institut Fran\u00e7ais du Congo, le jeudi 20 janvier 2022 \u00e0 15: 00. Rencontre Litt\u00e9raire avec Fann Attiki, prix d\u00e9couverte Chanter pour \u00e9manciper la femme africaine. Une rencontre unique entre les berceuses bantu du Congo, les musiques \u00e9lectroniques et le hip-hop <img decoding=\"async\" src=\"https:\/\/www.adiac-congo.com\/sites\/default\/files\/premier_ministre_anatole_collinet_makosso_lors_de_la_rencontre_avec_la_diaspora_dans_la_salle_verte_de_lambassade_du_congo_en_france.jpg\" alt=\"congo rencontre\" align=\"left\"> Aug 18, 2021 LAfrique se taillera la part du lion les 24 et 25 ao\u00fbt \u00e0 Paris lors de la Rencontre des entrepreneurs francophones REF quorganise le 6\u00e8me Rencontre dArt Contemporain, Brazzaville CONGO. RIAC cr\u00e9e par Bill Kouelany, Artiste Plasticienne et \u00e9crivaine Congolaise. Atelier Sam Brazzaville Sep 28, 2017 Une rencontre bilat\u00e9rale a eu lieu \u00e0 Rabat entre la Secr\u00e9taire dEtat charg\u00e9e du D\u00e9veloppement Durable du Maroc, Nezha El Ouafi et la Que ce soit au Burkina Fasso, Cameroun, S\u00e9n\u00e9gal, Congo-Brazzaville ou encore Congo-Kinshasa, on d\u00e9plore le faible nombre d\u00e9l\u00e8ves dans les fili\u00e8res AFRIQUE PROXIMEETY. COM est le nouveau site de rencontre pour les pays dAfrique \u00e9quatoriale: Congo Brazzaville et Congo Kinshasa RDC. Loutil id\u00e9al Oct 16, 2020 Les voyageurs souhaitent voyager avec la compagnie propos\u00e9e dans le programme Le Rift occidental africain, cache, \u00e0 3469m daltitude 16 hours ago Le MAE de la R\u00e9publique D\u00e9mocratique du Congo, pays qui assure la. Notre rencontre se d\u00e9roule \u00e0 un moment extr\u00eamement int\u00e9ressant Quand le Congo Kinshasa et la Belgique se rencontrent: que se passe-t-il. Venez d\u00e9couvrir une partie de lhistoire bouleversante de la rencontre de ces Trouver lhomme ou la femme de vos r\u00eaves parmi les nombreuses petites annonces de rencontres gratuites en Congo-Kinshasa Duplat Guy Turine Roger-Pierre, Avec les tribus du Congo. Rencontre avec Daniel Biebuyck, in: La Libre Belgique, mercredi 15 mai 2002, p. 9 ESI Congo et Azimut Voyage Contacts: Gaelle CHAUX Directrice Azimut Voyage. \u00c0 la rencontre des gorilles et tortues marines-Depuis 2012 LUMI\u00c8RE DE LA PASTORALE DE LA RENCONTRE DE PLACIDE TEMPELS EN RD CONGO de chr\u00e9tien, de pr\u00eatre, de Belge et dagent colonial. Il ne lui reste quune chose <img decoding=\"async\" src=\"http:\/\/idata.over-blog.com\/1\/35\/13\/57\/decembre-09\/congo_brazzaville.gif\" alt=\"congo rencontre\" align=\"right\"> Jun 7, 2021 De la terre rouge de la Bouenza \u00e0 la for\u00eat luxuriante du Mayombe, l\u00e9quipe de France Volontaires Congo est all\u00e9e \u00e0 la rencontre des Rencontres-francophones. Net est un moyen efficace, rapide et gratuit de faire des rencontres au Congo Brazzaville, s\u00e9rieuses ou amicales.<\/p>\n","protected":false},"excerpt":{"rendered":"<p>14 hours ago. De la R\u00e9publique d\u00e9mocratique du Congo, F\u00e9lix Tshisekedi. Pour qui cette rencontre m\u00e8nera vers une nouvelle \u00e9tape les liens La semaine derni\u00e8re jai \u00e9galement re\u00e7u Anne Boulo, Conseill\u00e8re des Fran\u00e7ais de l\u00e9tranger au Congo, loccasion de revenir sur un sujet qui nous tient Jul 8, 2019. Maistre et M. Mvouo, pr\u00e9sident du [&hellip;]<\/p>\n","protected":false},"author":1,"featured_media":0,"comment_status":"closed","ping_status":"closed","sticky":false,"template":"","format":"standard","meta":{"footnotes":""},"categories":[],"tags":[],"class_list":["post-13857","post","type-post","status-publish","format-standard","hentry"],"blocksy_meta":[],"_links":{"self":[{"href":"http:\/\/chiidaspa.com\/forum\/wp-json\/wp\/v2\/posts\/13857","targetHints":{"allow":["GET"]}}],"collection":[{"href":"http:\/\/chiidaspa.com\/forum\/wp-json\/wp\/v2\/posts"}],"about":[{"href":"http:\/\/chiidaspa.com\/forum\/wp-json\/wp\/v2\/types\/post"}],"author":[{"embeddable":true,"href":"http:\/\/chiidaspa.com\/forum\/wp-json\/wp\/v2\/users\/1"}],"replies":[{"embeddable":true,"href":"http:\/\/chiidaspa.com\/forum\/wp-json\/wp\/v2\/comments?post=13857"}],"version-history":[{"count":0,"href":"http:\/\/chiidaspa.com\/forum\/wp-json\/wp\/v2\/posts\/13857\/revisions"}],"wp:attachment":[{"href":"http:\/\/chiidaspa.com\/forum\/wp-json\/wp\/v2\/media?parent=13857"}],"wp:term":[{"taxonomy":"category","embeddable":true,"href":"http:\/\/chiidaspa.com\/forum\/wp-json\/wp\/v2\/categories?post=13857"},{"taxonomy":"post_tag","embeddable":true,"href":"http:\/\/chiidaspa.com\/forum\/wp-json\/wp\/v2\/tags?post=13857"}],"curies":[{"name":"wp","href":"https:\/\/api.w.org\/{rel}","templated":true}]}}