{"id":13899,"date":"2022-11-14T02:48:57","date_gmt":"2022-11-14T02:48:57","guid":{"rendered":"http:\/\/chiidaspa.com\/forum\/?p=13899"},"modified":"2022-11-14T02:48:57","modified_gmt":"2022-11-14T02:48:57","slug":"rencontre-upa","status":"publish","type":"post","link":"http:\/\/chiidaspa.com\/forum\/rencontre-upa\/","title":{"rendered":"Rencontre upa"},"content":{"rendered":"<p>Oct 4, 2018 Les repr\u00e9sentants des producteurs de lait et de lUPA sont sortis plut\u00f4t rassur\u00e9s de leur rencontre avec Fran\u00e7ois Legault jeudi <img decoding=\"async\" src=\"http:\/\/www.estrie.upa.qc.ca\/wp-content\/uploads\/2019\/03\/Andr\u00e9-Couture-Thierry-Jaton-MCB-Fran\u00e7ois-Bourrassa-Guillaume-Nadeau-Douglas-Morrisson-Marcel-Blais-Karine-Moreau_producteurs-de-lait-et-UPA-Estrie.jpg\" alt=\"rencontre upa\" align=\"left\"> Aug 17, 2018 De passage \u00e0 Rivi\u00e8re-du-Loup, Mme Pauz\u00e9 sest entretenue avec Gilbert Marquis, pr\u00e9sident de lUnion des producteurs agricoles UPA du <img decoding=\"async\" src=\"https:\/\/www.olipes.com\/eu\/img\/cms\/IX-Congreso-UPA-Valladolid WEB.jpg\" alt=\"rencontre upa\" align=\"right\"> INStartUp \u00e0 la rencontre de la Silicon Valley. 10 mai. Par Veronique Zeller. Aucun commentaire Entrepreneuriat. Apr\u00e8s le salon Startup Day qui a Feb 18, 2016 REPORTAGELE SCAN POLITIQUE-Le candidat \u00e0 la primaire de la droite \u00e9tait jeudi en visite chez Ulule, une entreprise qui propose du Oct 14, 2010 Rimouski-Une rencontre entre les repr\u00e9sentants de la F\u00e9d\u00e9ration de lUPA du Bas-Saint-Laurent et ceux des clubs de motoneige et de quad de Nov 8, 2017 Depuis le 27 octobre, et jusquen f\u00e9vrier 2018, Mounir Mahjoubi vient \u00e0 la rencontre des start-ups de diff\u00e9rents secteurs dactivit\u00e9, pour Administr\u00e9s par les f\u00e9d\u00e9rations r\u00e9gionales de lUPA, les CEA poss\u00e8dent, depuis plus de 30 ans, une connaissance approfondie du milieu agricole et des Jan 4, 2021 \u00c0 travers ce podcast, je vous partage mes rencontres inspirantes pour que lon prenne ensemble le chemin de l\u00e9panouissement personnel et Feb 24, 2018 BeBasket: actualit\u00e9 du basket en France et en Europe: Comme en 2017, les Flammes Carolo retrouveront Bourges en finale de la Coupe de Il rappelle lors dune rencontre avec la direction de lUPA que laffiliation a toujours \u00e9t\u00e9 depuis le d\u00e9but une exigence de lUPA et non des SGA118 La Pocati\u00e8re, le 26 f\u00e9vrier 2013- Le d\u00e9put\u00e9 de C\u00f4te-du-Sud, M. Norbert Morin a rencontr\u00e9 la F\u00e9d\u00e9ration de lUnion des producteurs agricoles UPA de la Il joue son premier match pour Leipzig le 4 f\u00e9vrier 2017 lors dune rencontre de Bundesliga face au Borussia Dortmund. Il est titularis\u00e9 lors de cette Nov 22, 2020 Temps de lecture: 2 min. Tino Kadewere, unique buteur de la rencontre face \u00e0 Angers JEAN-FRANCOIS MONIER Tino Kadewere, unique Apr 19, 2017 Bien des gens portent des jugements et formulent des commentaires sur lUPA, mais lhistoire nous enseigne que de tout temps, lunion des forces Mar 6, 2018 Vendredi dernier, dans le cadre des petits-d\u00e9jeuners en or organis\u00e9s par la ville de St-Amand Montrond, DEVUP a pr\u00e9sent\u00e9 ses missions et Sep 19, 2016 Le 19 septembre, les artisans UPA Vaucluse sont all\u00e9s \u00e0 la rencontre des artisans des artisans de lIsle sur la Sorgue et de ses environs Oct 5, 2020 Les jeunes pousses seront toujours plus mises en avant lors de la 16\u00e8me \u00e9dition des rencontres nationales du etourisme, qui se tiennent du Dec 13, 2019 Les producteurs de la Mont\u00e9r\u00e9gie veulent rencontre le ministre provincial de lAgriculture Andr\u00e9 Lamontagne dans le dossier du futur Centre Oct 9, 2019 Le 1er octobre, le Consul G\u00e9n\u00e9ral Izawa a rencontr\u00e9 des repr\u00e9sentants de lUnion des producteurs agricoles UPA afin de discuter <img decoding=\"async\" src=\"https:\/\/www.lanouvelle.net\/wp-content\/uploads\/sites\/5\/2017\/11\/myriam-beaulieu-2912638-1024x678.jpg\" alt=\"rencontre upa\" align=\"right\"> 8 days ago Carte pop-up \u00e0 cr\u00e9er. Rencontres avec les habitants, r\u00e9ponses aux \u00e9lus, \u00e9changes avec les commer\u00e7ants, appel \u00e0 Joe Biden: revivez la 3 days ago Ce projet sintitule UPA Next, les initiales de Un Paso Adelante NDLR et se d\u00e9roulera de nouveau dans l\u00e9cole de Carmen Arranz Jan 11, 2016. Journ\u00e9e en se rendant \u00e0 Bobigny pour parler dapprentissage, et ont ainsi rencontr\u00e9 Jean-Pierre Crouzet, pr\u00e9sident de lUPA. R\u00e9actions.<\/p>\n","protected":false},"excerpt":{"rendered":"<p>Oct 4, 2018 Les repr\u00e9sentants des producteurs de lait et de lUPA sont sortis plut\u00f4t rassur\u00e9s de leur rencontre avec Fran\u00e7ois Legault jeudi Aug 17, 2018 De passage \u00e0 Rivi\u00e8re-du-Loup, Mme Pauz\u00e9 sest entretenue avec Gilbert Marquis, pr\u00e9sident de lUnion des producteurs agricoles UPA du INStartUp \u00e0 la rencontre de la Silicon Valley. 10 mai. [&hellip;]<\/p>\n","protected":false},"author":1,"featured_media":0,"comment_status":"closed","ping_status":"closed","sticky":false,"template":"","format":"standard","meta":{"footnotes":""},"categories":[],"tags":[],"class_list":["post-13899","post","type-post","status-publish","format-standard","hentry"],"blocksy_meta":[],"_links":{"self":[{"href":"http:\/\/chiidaspa.com\/forum\/wp-json\/wp\/v2\/posts\/13899","targetHints":{"allow":["GET"]}}],"collection":[{"href":"http:\/\/chiidaspa.com\/forum\/wp-json\/wp\/v2\/posts"}],"about":[{"href":"http:\/\/chiidaspa.com\/forum\/wp-json\/wp\/v2\/types\/post"}],"author":[{"embeddable":true,"href":"http:\/\/chiidaspa.com\/forum\/wp-json\/wp\/v2\/users\/1"}],"replies":[{"embeddable":true,"href":"http:\/\/chiidaspa.com\/forum\/wp-json\/wp\/v2\/comments?post=13899"}],"version-history":[{"count":0,"href":"http:\/\/chiidaspa.com\/forum\/wp-json\/wp\/v2\/posts\/13899\/revisions"}],"wp:attachment":[{"href":"http:\/\/chiidaspa.com\/forum\/wp-json\/wp\/v2\/media?parent=13899"}],"wp:term":[{"taxonomy":"category","embeddable":true,"href":"http:\/\/chiidaspa.com\/forum\/wp-json\/wp\/v2\/categories?post=13899"},{"taxonomy":"post_tag","embeddable":true,"href":"http:\/\/chiidaspa.com\/forum\/wp-json\/wp\/v2\/tags?post=13899"}],"curies":[{"name":"wp","href":"https:\/\/api.w.org\/{rel}","templated":true}]}}