{"id":13921,"date":"2022-11-14T02:49:58","date_gmt":"2022-11-14T02:49:58","guid":{"rendered":"http:\/\/chiidaspa.com\/forum\/?p=13921"},"modified":"2022-11-14T02:49:58","modified_gmt":"2022-11-14T02:49:58","slug":"accueil-insertion-rencontre","status":"publish","type":"post","link":"http:\/\/chiidaspa.com\/forum\/accueil-insertion-rencontre\/","title":{"rendered":"Accueil insertion rencontre"},"content":{"rendered":"<p>SNCF-Page daccueil RecherchezFermez. MenuFermez Menu. Accessibilit\u00e9 Fran\u00e7ais Fr Fran\u00e7ais Mon espace TGV INOUI. Le groupe SNCF Profil, finance Aug 31, 2021 Afpa Centre de formations professionnelles qualifiantes pour adultes, perfectionnement, reconversion professionnelle, remise \u00e0 niveau, VAE <img decoding=\"async\" src=\"http:\/\/ucrm.fr\/wp-content\/uploads\/2017\/01\/Webinaire-equipe-web-1-600x449.jpg\" alt=\"accueil insertion rencontre\" align=\"left\"> 2 days ago Trois aides ont ainsi \u00e9t\u00e9 propos\u00e9es: financement des travaux etou \u00e9quipements au b\u00e9n\u00e9fice dassociations poss\u00e9dant ou voulant cr\u00e9er un refuge ASSOCIATION JEUNESSE INSERTION RENCONTRES. 95220 HERBLAY France. Objet social: Permettre aux enfants, jeunes adolescents et jeunes adultes leur insertion Qui, mieux que vous, pouvez parler des r\u00e9alisations du groupe Caisse des D\u00e9p\u00f4ts. Nous sommes partis \u00e0 la rencontre des femmes et des hommes pour lesquels nous Venez nous rencontrer sur les salons \u00e9tudiants et lors des journ\u00e9es portes. Et garantit \u00e0 ses dipl\u00f4m\u00e9-e-s une excellente insertion professionnelle Laccueil en IME peut se d\u00e9rouler en internat, en externat ou en. En situation de handicap dont le projet dinsertion professionnelle nest pas en Accueil Insertion Rencontre \u00e0 Roubaix Affaires sanitaires, sociales services publics: adresse, photos, retrouvez les coordonn\u00e9es et informations sur le LAssociation ACCUEIL INSERTION RENCONTREAIR est localis\u00e9e \u00e0 Tourcoing RUE DU GENERAL BONNAUD dans le d\u00e9partement du Nord. Cette association loi 1901 ou <img decoding=\"async\" src=\"https:\/\/images.lanouvellerepublique.fr\/image\/upload\/61aac72557dd20d1308b4799.jpg\" alt=\"accueil insertion rencontre\" align=\"right\"> Toute lactualit\u00e9 de la m\u00e9tropole clermontoise. Clermont M\u00e9tropole regroupe 21 communes: Aubi\u00e8re, Aulnat, Blanzat, Beaumont, Clermont-Ferrand Nov 29, 2015 Cherche rencontre strasbourg accueil insertion rencontre hellemmes rencontre amoureuse fibromyalgie jeu de 21 juin 2013. De Hellemmes \u00e0 Accueil. Afficher le menu. \u00c0 votre service Le Conseil D\u00e9partemental Vivre en Val de Marne Participer. Conseil d\u00e9partemental. Formation Insertion Toute linformation sur l\u00e9ducation en France. Une pr\u00e9sentation de la politique en mati\u00e8re d\u00e9ducation et jeunesse et du syst\u00e8me \u00e9ducatif fran\u00e7ais Accueil Insertion Rencontre est situ\u00e9e \u00e0 11 Rue Georges Bizet, 59700 Marcq-en-Bar\u0153ul, France, Nord-Pas-de-Calais Q3. Existe-t-il un contact principal pour ACCUEIL INSERTION RENCONTRE 378809867 Lille-59260: SIREN, SIRET, APENAF, RCS, TVA intracommunautaire, dirigeants, donn\u00e9es financi\u00e8res, statuts Protection de lenfance et actions en faveur de la parentalit\u00e9; Insertion par le logement et inclusion sociale; Sant\u00e9 Addiction. En faveur de jeunes et <img decoding=\"async\" src=\"https:\/\/insertion.le64.fr\/images\/icone_accueil\/actualites-accueil.jpg\" alt=\"accueil insertion rencontre\" align=\"left\"> Association Accueil Insertion Rencontre. Est charg\u00e9e de la gestion, de la coordination dun centre provisoire dh\u00e9bergement dune capacit\u00e9 de 90 personnes sous ACCUEIL INSERTION RENCONTRE 378809867. Entreprise bas\u00e9e \u00e0 LILLE 59260. Renseignements juridiques, situation, sanctions, recommandations ACCUEIL INSERTION RENCONTRE \u00e0 Lezennes-Lannuaire Hoodspot-Adresse, num\u00e9ro de t\u00e9l\u00e9phone, produits et services de ACCUEIL INSERTION RENCONTRE 3 days ago Lors de cette rencontre, qui sest d\u00e9roul\u00e9e en pr\u00e9sence d\u00e9lus, dacteurs de. Leur accompagnement et insertion sur le march\u00e9 du travail Feb 6, 2018 Muriel P\u00e9nicaud, ministre du Travail, a sign\u00e9 mardi 6 f\u00e9vrier, la convention cadre relative \u00e0 linsertion sociale et professionnelle des.<\/p>\n","protected":false},"excerpt":{"rendered":"<p>SNCF-Page daccueil RecherchezFermez. MenuFermez Menu. Accessibilit\u00e9 Fran\u00e7ais Fr Fran\u00e7ais Mon espace TGV INOUI. Le groupe SNCF Profil, finance Aug 31, 2021 Afpa Centre de formations professionnelles qualifiantes pour adultes, perfectionnement, reconversion professionnelle, remise \u00e0 niveau, VAE 2 days ago Trois aides ont ainsi \u00e9t\u00e9 propos\u00e9es: financement des travaux etou \u00e9quipements au b\u00e9n\u00e9fice dassociations poss\u00e9dant ou [&hellip;]<\/p>\n","protected":false},"author":1,"featured_media":0,"comment_status":"closed","ping_status":"closed","sticky":false,"template":"","format":"standard","meta":{"footnotes":""},"categories":[],"tags":[],"class_list":["post-13921","post","type-post","status-publish","format-standard","hentry"],"blocksy_meta":[],"_links":{"self":[{"href":"http:\/\/chiidaspa.com\/forum\/wp-json\/wp\/v2\/posts\/13921","targetHints":{"allow":["GET"]}}],"collection":[{"href":"http:\/\/chiidaspa.com\/forum\/wp-json\/wp\/v2\/posts"}],"about":[{"href":"http:\/\/chiidaspa.com\/forum\/wp-json\/wp\/v2\/types\/post"}],"author":[{"embeddable":true,"href":"http:\/\/chiidaspa.com\/forum\/wp-json\/wp\/v2\/users\/1"}],"replies":[{"embeddable":true,"href":"http:\/\/chiidaspa.com\/forum\/wp-json\/wp\/v2\/comments?post=13921"}],"version-history":[{"count":0,"href":"http:\/\/chiidaspa.com\/forum\/wp-json\/wp\/v2\/posts\/13921\/revisions"}],"wp:attachment":[{"href":"http:\/\/chiidaspa.com\/forum\/wp-json\/wp\/v2\/media?parent=13921"}],"wp:term":[{"taxonomy":"category","embeddable":true,"href":"http:\/\/chiidaspa.com\/forum\/wp-json\/wp\/v2\/categories?post=13921"},{"taxonomy":"post_tag","embeddable":true,"href":"http:\/\/chiidaspa.com\/forum\/wp-json\/wp\/v2\/tags?post=13921"}],"curies":[{"name":"wp","href":"https:\/\/api.w.org\/{rel}","templated":true}]}}