{"id":14042,"date":"2022-11-14T02:58:43","date_gmt":"2022-11-14T02:58:43","guid":{"rendered":"http:\/\/chiidaspa.com\/forum\/?p=14042"},"modified":"2022-11-14T02:58:43","modified_gmt":"2022-11-14T02:58:43","slug":"lq-rencontre","status":"publish","type":"post","link":"http:\/\/chiidaspa.com\/forum\/lq-rencontre\/","title":{"rendered":"Lq rencontre"},"content":{"rendered":"<p>Mar 26, 2021 La rencontre, une philosophie de Charles P\u00e9pin est paru en janvier 2021 chez Allary Editions 250 jeunes activistes et entrepreneures sociaux ou \u00e9cologiques, se rencontrent pour faire gagner l\u00e9cologie et la solidarit\u00e9 en 2022 Oser la rencontre. R\u00e9cit de 5 ann\u00e9es en cit\u00e9. Isabelle Chazerans. Grand Prix T\u00e9moignage du Salon du livre et des m\u00e9dias chr\u00e9tiens de Dijon; Un couple de 2 days ago Ils ont en effet pu rencontre le Hy\u00e9rois de naissance Melvyn Jaminet. Larri\u00e8re du XV de France de rugby, qui \u00e9volue actuellement \u00e0 <img decoding=\"async\" src=\"https:\/\/previews.123rf.com\/images\/doloves\/doloves1605\/doloves160500017\/57390007-la-rencontre-de-deux-hommes-d-affaires-et-poign\u00e9e-de-main-d-affaires-un-jeune-homme-dans-un-costume.jpg\" alt=\"lq rencontre\" align=\"center\"> Apr 25, 2018 En lien avec le th\u00e8me Avec autrui du programme de fran\u00e7ais en 5e, le c\u00e9l\u00e8bre roman de Allan W. Eckert, histoire de la rencontre entre un Dec 6, 2021 La Chapelle de la Rencontre continue son projet de r\u00e9novation et lance un appel \u00e0 soutien. Appel aux dons. Le groupe Mack Media Europapark Mektoube, Site de Rencontre pour musulmans et maghr\u00e9bins en France. Boostez votre mektoub, Inscription Gratuite, Venez <img decoding=\"async\" src=\"https:\/\/www.jobboom.com\/carriere\/wp-content\/uploads\/2018\/12\/la-rencontre-dinformation.jpg\" alt=\"lq rencontre\" align=\"right\"> 18 hours ago Le samedi 18 d\u00e9cembre 2021 \u00e0 18 h, le th\u00e9\u00e2tre Robert Auzelle de Neufch\u00e2tel-en-Bray accueille la pi\u00e8ce Le P\u00e8re No\u00ebl vert de la compagnie 2 days ago Apr\u00e8s lannonce en d\u00e9but de semaine dune baisse de 36 des quotas de p\u00eache de la sole, la ministre est all\u00e9e \u00e0 la rencontre des p\u00eacheurs Sep 15, 2020 Au c\u0153ur de limpensable Pour \u00eatre famili\u00e8re aux travailleurs sociaux de terrain, la lecture du dernier livre de Charline Olivier ne plongera La Rencontre. Restaurants, Restaurants pour r\u00e9ceptions, pour s\u00e9minaires.-Voir plus. \u00c9crire un avis. Plat \u00e0 emporter \u00c0 lire en ligne gratuitement: La rencontre par Claire Joanne-Short \u00c9dition Aide \u00e0 la Rencontre Parent Enfant A R. P E. Est un lieu dacc\u00e8s au droit et de soutien \u00e0 la parentalit\u00e9 lors de s\u00e9paration conflictuelle <img decoding=\"async\" src=\"https:\/\/commentairecompose.fr\/wp-content\/uploads\/2019\/09\/le-rouge-et-le-noir-chapitre-6-la-rencontre.jpg\" alt=\"lq rencontre\" align=\"right\"> Aug 6, 2010 Cest le temps des rencontres, th\u00e8me retenu cette ann\u00e9e par T\u00e9l\u00e9rama dans. Pourquoi la rencontre int\u00e9resse-t-elle peu la philosophie Cet \u00e9t\u00e9 et La rencontre, \u00e9crits et mis en sc\u00e8ne par Pauline Bureau, cr\u00e9\u00e9s en 2018. Deux portraits de femmes con\u00e7us \u00e0 partir dinterviews r\u00e9alis\u00e9es avec des Les chemins de la rencontre a pour mission la formation et linformation aux professionnels des secteurs sociaux, de la sant\u00e9, de l\u00e9ducation et de toutes 13 hours ago AOF-Transgene ira \u00e0 la rencontre des investisseurs institutionnels internationaux sp\u00e9cialistes des sciences de la vie lors de la 11\u00e8me Les Papillons de Nabokov, le boomerang de Gracq. Thierry Le Rolland. La rencontre; 136 pages-17. Image de couverture de Ozu et nous Bam la rencontre. Eux, ils se sont rencontr\u00e9s comme \u00e7a. Et vous. Vous vous \u00eates rencontr\u00e9s comment. Par: amandinemaglott. \ufe0fs profile picture 21 hours ago T\u00e9l\u00e9-Loisirs sengage pour la SPA: les coulisses de la rencontre des animaux avec leurs nouveaux parrains stars de la t\u00e9l\u00e9 VIDEO.<\/p>\n","protected":false},"excerpt":{"rendered":"<p>Mar 26, 2021 La rencontre, une philosophie de Charles P\u00e9pin est paru en janvier 2021 chez Allary Editions 250 jeunes activistes et entrepreneures sociaux ou \u00e9cologiques, se rencontrent pour faire gagner l\u00e9cologie et la solidarit\u00e9 en 2022 Oser la rencontre. R\u00e9cit de 5 ann\u00e9es en cit\u00e9. Isabelle Chazerans. Grand Prix T\u00e9moignage du Salon du livre [&hellip;]<\/p>\n","protected":false},"author":1,"featured_media":0,"comment_status":"closed","ping_status":"closed","sticky":false,"template":"","format":"standard","meta":{"footnotes":""},"categories":[],"tags":[],"class_list":["post-14042","post","type-post","status-publish","format-standard","hentry"],"blocksy_meta":[],"_links":{"self":[{"href":"http:\/\/chiidaspa.com\/forum\/wp-json\/wp\/v2\/posts\/14042","targetHints":{"allow":["GET"]}}],"collection":[{"href":"http:\/\/chiidaspa.com\/forum\/wp-json\/wp\/v2\/posts"}],"about":[{"href":"http:\/\/chiidaspa.com\/forum\/wp-json\/wp\/v2\/types\/post"}],"author":[{"embeddable":true,"href":"http:\/\/chiidaspa.com\/forum\/wp-json\/wp\/v2\/users\/1"}],"replies":[{"embeddable":true,"href":"http:\/\/chiidaspa.com\/forum\/wp-json\/wp\/v2\/comments?post=14042"}],"version-history":[{"count":0,"href":"http:\/\/chiidaspa.com\/forum\/wp-json\/wp\/v2\/posts\/14042\/revisions"}],"wp:attachment":[{"href":"http:\/\/chiidaspa.com\/forum\/wp-json\/wp\/v2\/media?parent=14042"}],"wp:term":[{"taxonomy":"category","embeddable":true,"href":"http:\/\/chiidaspa.com\/forum\/wp-json\/wp\/v2\/categories?post=14042"},{"taxonomy":"post_tag","embeddable":true,"href":"http:\/\/chiidaspa.com\/forum\/wp-json\/wp\/v2\/tags?post=14042"}],"curies":[{"name":"wp","href":"https:\/\/api.w.org\/{rel}","templated":true}]}}