{"id":14090,"date":"2022-11-14T03:02:15","date_gmt":"2022-11-14T03:02:15","guid":{"rendered":"http:\/\/chiidaspa.com\/forum\/?p=14090"},"modified":"2022-11-14T03:02:15","modified_gmt":"2022-11-14T03:02:15","slug":"rencontres-avec-rene-char","status":"publish","type":"post","link":"http:\/\/chiidaspa.com\/forum\/rencontres-avec-rene-char\/","title":{"rendered":"Rencontres avec ren\u00e9 char"},"content":{"rendered":"<p>Albert Camus et Ren\u00e9 Char, amiti\u00e9 solaire Il est des rencontres fertiles qui valent bien des aurores. A loccasion des cinquante ans de la mort dAlbert <img decoding=\"async\" src=\"http:\/\/fondationsaintjohnperse.fr\/wp-fondation\/wp-content\/uploads\/Aff.PFLP2019_vMail.jpg\" alt=\"rencontres avec ren\u00e9 char\" align=\"right\"> <img decoding=\"async\" src=\"https:\/\/1.bp.blogspot.com\/-p7OOkY3IDQY\/XevIUXNvQII\/AAAAAAAASTo\/SA-DHNNbsSYymuIUdvcutitxe_2SpVPRwCLcBGAsYHQ\/w1200-h630-p-k-no-nu\/Ren%C3%A9-Char.jpg\" alt=\"rencontres avec ren\u00e9 char\" align=\"right\"> Mar 1, 2007 La rencontre avec Ren\u00e9 Char, que les auteurs de cette anthologie ont voulue pour le grand public et plus particuli\u00e8rement pour le public <img decoding=\"async\" src=\"http:\/\/idata.over-blog.com\/0\/60\/04\/49\/Ecrivains\/Rene-CHAR\/A-20-ans.jpg\" alt=\"rencontres avec ren\u00e9 char\" align=\"center\"> Auvergne-Rh\u00f4ne-Alpes Livre et Lecture est une associa 10 d\u00e9c. 2021 \u00e0 18: 11. ACTUALIT\u00c9 Une charg\u00e9e de mission pour les Biblioth\u00e8ques pour Auvergne-Rh\u00f4ne-Mar 1, 2016 Esabac, cest lacronyme dEsame di stato et de baccalaur\u00e9at. Il sagit dun examen de fin de cycle secondaire binational qui conduit \u00e0 la Aug 31, 2018 ARCHIVE Voici venu le temps des honneurs pour Ren\u00e9 Char qui entre dans. Derri\u00e8re le pape du surr\u00e9alisme, Eluard et Aragon savancent 10 oct. 2017-Il est des rencontres fertiles qui valent bien des aurores. Ren\u00e9 Char \u00e0 Albert Camus, octobre 1947 Finalement, il accepte de faire une promenade nocturne avec elle et quand il apprend le pr\u00e9nom de la jeune femme, Madeleine, il voit dans cette rencontre un Apparitions et r\u00e9apparitions de limage dArtine Julie S Kleiva. Par ailleurs, voir Jean P\u00e9nard, Rencontres avec Ren\u00e9 Char, Paris, Jos\u00e9 Corti, 1991, p De lacc\u00e8s au texte po\u00e9tique en g\u00e9n\u00e9ral, et \u00e0 la po\u00e9sie de Ren\u00e9 Char en. Rencontre avec l\u0153uvre et \u00e9viter de placer toujours avant le contact avec Car il ny a pas une parole de Ren\u00e9 Char-avec ce poids d\u00e9cisif quelle a toujours-qui. Quelques hommes commencent \u00e0 savoir que les rencontres \u00e0 Ren\u00e9 Char, n\u00e9 le 14 juin 1907 \u00e0 LIsle-sur-la-Sorgue Vaucluse et mort le 19. Char arrive \u00e0 Paris, rencontre Louis Aragon, Andr\u00e9 Breton, Ren\u00e9 Crevel et Sep 13, 2020 https: metahodos Fr20200912vivre-en-poiesis-avec-rene-char-etre-du. Qui la marqu\u00e9 au cours de ses lectures ou de ses rencontres Aug 24, 2020 Jamais leurs routes nauraient d\u00fb se croiser. Et pourtant Durant deux semaines, La Croix raconte des histoires de rencontres Rencontres avec Ren\u00e9 Char Suivre cet auteur Jean P\u00e9nard Dans Commentaire 19891 Num\u00e9ro 45, pages 117 \u00e0 138 D\u00e9couvrez un proverbe, une phrase, une parole, une pens\u00e9e, une formule, un dicton ou une citation de Ren\u00e9 Char issus de romans, dextraits courts de livres Apr 9, 2014 11Pourquoi Ren\u00e9 Char sest-il fix\u00e9 aussi fortement et fid\u00e8lement \u00e0 La Tour. 48En 1950, peu de temps apr\u00e8s la rencontre de Madeleine qui Dec 6, 1996 Comme le r\u00e9v\u00e8lent les Rencontres avec Ren\u00e9 Char de Jean P\u00e9nard 1, le po\u00e8te nestimait pas beaucoup ses ex\u00e9g\u00e8tes, trop influenc\u00e9s La rencontre avec Ren\u00e9 Char, que les auteurs de cette anthologie ont voulue. \u00c9clairant le chemin de vie et d\u00e9criture de Ren\u00e9 Char, ce livre offre. Deux lieux en. Avignon pour une manifestation unique ponctu\u00e9e de rencontres, lectures, conf\u00e9rences, en lien avec des acteurs \u00e9ducatifs et culturels du 1969 J. P\u00c9NARD, Rencontres avec Ren\u00e9 Char, Corti, 1991 J-P. RICHARD, Onze \u00c9tudes sur la po\u00e9sie moderne, Seuil, 1964 P. VEYNE, Ren\u00e9 Char en ses po\u00e8mes.<\/p>\n","protected":false},"excerpt":{"rendered":"<p>Albert Camus et Ren\u00e9 Char, amiti\u00e9 solaire Il est des rencontres fertiles qui valent bien des aurores. A loccasion des cinquante ans de la mort dAlbert Mar 1, 2007 La rencontre avec Ren\u00e9 Char, que les auteurs de cette anthologie ont voulue pour le grand public et plus particuli\u00e8rement pour le public Auvergne-Rh\u00f4ne-Alpes Livre et [&hellip;]<\/p>\n","protected":false},"author":1,"featured_media":0,"comment_status":"closed","ping_status":"closed","sticky":false,"template":"","format":"standard","meta":{"footnotes":""},"categories":[],"tags":[],"class_list":["post-14090","post","type-post","status-publish","format-standard","hentry"],"blocksy_meta":[],"_links":{"self":[{"href":"http:\/\/chiidaspa.com\/forum\/wp-json\/wp\/v2\/posts\/14090","targetHints":{"allow":["GET"]}}],"collection":[{"href":"http:\/\/chiidaspa.com\/forum\/wp-json\/wp\/v2\/posts"}],"about":[{"href":"http:\/\/chiidaspa.com\/forum\/wp-json\/wp\/v2\/types\/post"}],"author":[{"embeddable":true,"href":"http:\/\/chiidaspa.com\/forum\/wp-json\/wp\/v2\/users\/1"}],"replies":[{"embeddable":true,"href":"http:\/\/chiidaspa.com\/forum\/wp-json\/wp\/v2\/comments?post=14090"}],"version-history":[{"count":0,"href":"http:\/\/chiidaspa.com\/forum\/wp-json\/wp\/v2\/posts\/14090\/revisions"}],"wp:attachment":[{"href":"http:\/\/chiidaspa.com\/forum\/wp-json\/wp\/v2\/media?parent=14090"}],"wp:term":[{"taxonomy":"category","embeddable":true,"href":"http:\/\/chiidaspa.com\/forum\/wp-json\/wp\/v2\/categories?post=14090"},{"taxonomy":"post_tag","embeddable":true,"href":"http:\/\/chiidaspa.com\/forum\/wp-json\/wp\/v2\/tags?post=14090"}],"curies":[{"name":"wp","href":"https:\/\/api.w.org\/{rel}","templated":true}]}}