{"id":14113,"date":"2022-11-14T03:03:59","date_gmt":"2022-11-14T03:03:59","guid":{"rendered":"http:\/\/chiidaspa.com\/forum\/?p=14113"},"modified":"2022-11-14T03:03:59","modified_gmt":"2022-11-14T03:03:59","slug":"rencontre-africaine-de-la-photo","status":"publish","type":"post","link":"http:\/\/chiidaspa.com\/forum\/rencontre-africaine-de-la-photo\/","title":{"rendered":"Rencontre africaine de la photo"},"content":{"rendered":"<p>7 days ago Depuis quil a rang\u00e9 ses crampons en 2019, il est difficile de passer un mois sans tomber sur une photo de Samuel Etoo dans un palais LHarmattan Photographe et grand amateur de photo, Vincent Godeau a \u00e9crit un livre publi\u00e9 \u00e0 LHarmattan en 2016, d\u00e9di\u00e9 \u00e0 La photographie africaine contemporaine Rencontre avec les femmes africaines du Cameroun. Photo de femmes africaines en tenue folklorique au coeur de lAfrique Noire Une application Android gratuite pour profiter de services exclusifs: contact avec votre coach, envoi de vos photos, invitations aux Events Rencontres Femmes 13 hours ago Le Commissaire au Commerce et \u00e0 lindustrie de lUnion africaine, Notre rencontre se d\u00e9roule \u00e0 un moment extr\u00eamement int\u00e9ressant Jun 30, 2021 Laur\u00e9ate 2021 du prix Women in Motion pour la photographie, Liz Johnson Artur explore de son c\u00f4t\u00e9 la diaspora africaine en mouvement avec Oct 4, 2013 En 1994, les premi\u00e8res Rencontres africaines de la photographie \u00e0 Bamako permettent \u00e0 Malick Sidib\u00e9 de faire conna\u00eetre ses photos en Europe Jul 21, 2021 Lexposition consacr\u00e9e au travail de lartiste sud-africain Pieter Hugo propose au regard du visiteur une somme impressionnante de portraits Galerie photos Secr\u00e9taire g\u00e9n\u00e9ral Kofi Annan droit rencontre ancien pr\u00e9sident de lAfrique du Sud N\u00e9 en 1983 \u00e0 S\u00e9gou, Seydou Camara fait partie des 39 photographes africains s\u00e9lectionn\u00e9s pour la 10\u00e8me rencontre africaine de la photographie qui se tiendra <img decoding=\"async\" src=\"https:\/\/img.freepik.com\/vecteurs-libre\/application-rencontre-concept-chat-femme-africaine-sont-assis-gros-smartphone-canape-parler-au-telephone_186332-319.jpg\" alt=\"rencontre africaine de la photo\" align=\"center\"> NNom utilis\u00e9Site fr\u00e9quent\u00e9200Jules GautierFacebook199Franck Pelloux S\u00e9bastien MarotFacebook198Maxime VictorNon renseign\u00e9View 198 more rows Dec 10, 2017 Les Rencontres de Bamako Afrotopia Biennale Africaine de Photographie Exposition Panafricaine: Phumzile Khanyile <img decoding=\"async\" src=\"https:\/\/www.oulfa.fr\/temp\/userimages\/0032\/984253\/pic_11.jpg\" alt=\"rencontre africaine de la photo\" align=\"left\"> Rencontre avec Aline Afanouko\u00e9. Il y est question dinspirations, de photographie, du Mali. Seydou Ke\u00efta: p\u00e8re de la photographie africaine Les deux hommes sont soup\u00e7onn\u00e9s davoir particip\u00e9 aux violences contre des militants de SOS Racisme lors de leur rencontre avec Eric Zemmour Nov 29, 2019 Adji Diey: Maggic Cube Blending In, 2019. Image expos\u00e9e aux Rencontres de Bamako. Biennale africaine de la photographie 2019 Sep 24, 2021 A loccasion de la saison Africa2020 et en prolongement de lexposition ArtAfrique organis\u00e9e en 2017, la Fondation Louis Vuitton 16 hours ago Les moyens de contribuer ensemble \u00e0 la paix, \u00e0 la stabilit\u00e9 et au d\u00e9veloppement en Afrique ont \u00e9galement \u00e9t\u00e9 \u00e9voqu\u00e9s, a-t-il relev\u00e9. Photo <img decoding=\"async\" src=\"https:\/\/www.femme-africaine.net\/wp-content\/uploads\/2016\/06\/IMG_0915-938x704.jpg\" alt=\"rencontre africaine de la photo\" align=\"center\"> 1 day ago La star sud-africaine Cheslin Kolbe pourrait disputer son premier match. La rencontre entre Pau et les Saracens avait d\u00e9j\u00e0 \u00e9t\u00e9 annul\u00e9e en Les Rencontres de la photographie dArles sont, chaque \u00e9t\u00e9 depuis 1970, Cin\u00e9ma de Nollywood et son influence sur la photograhie africaine contemporain La 13e \u00e9dition des Rencontres de Bamako-Biennale Africaine de la Photographie se tiendra du 20 novembre 2021 au 20 janvier 2022 \u00e0 Bamako, au Mali. Cet appel Lhorreur Autre photo insupportable. On rencontre m\u00eame des adultes pour c\u00e9l\u00e9brer leurs exploits et lon parle de ce gamin qui na pas douze ans et qui.<\/p>\n","protected":false},"excerpt":{"rendered":"<p>7 days ago Depuis quil a rang\u00e9 ses crampons en 2019, il est difficile de passer un mois sans tomber sur une photo de Samuel Etoo dans un palais LHarmattan Photographe et grand amateur de photo, Vincent Godeau a \u00e9crit un livre publi\u00e9 \u00e0 LHarmattan en 2016, d\u00e9di\u00e9 \u00e0 La photographie africaine contemporaine Rencontre avec [&hellip;]<\/p>\n","protected":false},"author":1,"featured_media":0,"comment_status":"closed","ping_status":"closed","sticky":false,"template":"","format":"standard","meta":{"footnotes":""},"categories":[],"tags":[],"class_list":["post-14113","post","type-post","status-publish","format-standard","hentry"],"blocksy_meta":[],"_links":{"self":[{"href":"http:\/\/chiidaspa.com\/forum\/wp-json\/wp\/v2\/posts\/14113","targetHints":{"allow":["GET"]}}],"collection":[{"href":"http:\/\/chiidaspa.com\/forum\/wp-json\/wp\/v2\/posts"}],"about":[{"href":"http:\/\/chiidaspa.com\/forum\/wp-json\/wp\/v2\/types\/post"}],"author":[{"embeddable":true,"href":"http:\/\/chiidaspa.com\/forum\/wp-json\/wp\/v2\/users\/1"}],"replies":[{"embeddable":true,"href":"http:\/\/chiidaspa.com\/forum\/wp-json\/wp\/v2\/comments?post=14113"}],"version-history":[{"count":0,"href":"http:\/\/chiidaspa.com\/forum\/wp-json\/wp\/v2\/posts\/14113\/revisions"}],"wp:attachment":[{"href":"http:\/\/chiidaspa.com\/forum\/wp-json\/wp\/v2\/media?parent=14113"}],"wp:term":[{"taxonomy":"category","embeddable":true,"href":"http:\/\/chiidaspa.com\/forum\/wp-json\/wp\/v2\/categories?post=14113"},{"taxonomy":"post_tag","embeddable":true,"href":"http:\/\/chiidaspa.com\/forum\/wp-json\/wp\/v2\/tags?post=14113"}],"curies":[{"name":"wp","href":"https:\/\/api.w.org\/{rel}","templated":true}]}}