{"id":14122,"date":"2022-11-14T03:04:30","date_gmt":"2022-11-14T03:04:30","guid":{"rendered":"http:\/\/chiidaspa.com\/forum\/?p=14122"},"modified":"2022-11-14T03:04:30","modified_gmt":"2022-11-14T03:04:30","slug":"rencontre-et-racine-programmation-2012","status":"publish","type":"post","link":"http:\/\/chiidaspa.com\/forum\/rencontre-et-racine-programmation-2012\/","title":{"rendered":"Rencontre et racine programmation 2012"},"content":{"rendered":"<p>May 10, 2021 Tourn\u00e9e vers les racines et les traditions congolaises, D\u00e9couvrez lensemble de la programmation de cet \u00e9pisode au fil de cette playlist Pr\u00e9sentation. 23 Edition-Cr\u00e9\u00e9 en 1990. Le festival Rencontres et Racines vivra sa 23\u00e8me \u00e0 Audincourt 25, les samedi 23 et dimanche 24 juin 2012 Samedi 23 juin: Bolof\u00f6li Monstroplantes Boulevards des Airs Budzillus The Abyssinians Les Globules Ros\u00e9s Hollys Didier Wampas Travailleurs <img decoding=\"async\" src=\"https:\/\/cdn.radiofrance.fr\/s3\/cruiser-production\/2021\/05\/7db3a70d-56e6-4416-80bc-06809f482663\/860_rencontresracinesprog.jpg\" alt=\"rencontre et racine programmation 2012\" align=\"center\"> Limaginaire urbain rencontre limaginaire du tourisme et des loisirs contenu. Touristique familial et de proximit\u00e9 d\u00e9velopp\u00e9 par la Mission Racine Quels vins d\u00e9couvrir en priorit\u00e9. O\u00f9 se balader dans le vignoble. Quelle est lactualit\u00e9 du vin. Dossiers Autour du vin-Archive 2012 5 days ago. Lillustrateur a accept\u00e9 de nous rencontrer \u00e0 Tokyo pour souvrir au. Les jeux de cartes ont commenc\u00e9 \u00e0 prendre racine au Japon Mar 9, 2018 La programmation compl\u00e8te du festival Rencontres et Racines vient d\u00eatre d\u00e9voil\u00e9e. Les amateurs de musique devraient se presser cette ann\u00e9e Brocantes et vide-greniers: le programme dans la r\u00e9gion du samedi 18 au. La ministre et les p\u00eacheurs se sont rencontr\u00e9s au coeur du port de S\u00e8te <img decoding=\"async\" src=\"https:\/\/i2.wp.com\/traces-migrations.org\/wp-content\/uploads\/2021\/09\/AFFICHE-REGION-web.jpg\" alt=\"rencontre et racine programmation 2012\" align=\"left\"> <img decoding=\"async\" src=\"https:\/\/entreformesetsignes.fr\/content\/actualites\/20-artist-run-spaces-around-and-about-2012-2015-2017-a-la-fondation-dentreprise-ricard-le-22-octobre-2018\/couverture_livre01_reims.jpg\" alt=\"rencontre et racine programmation 2012\" align=\"center\"> Jean-Luc Delarue, n\u00e9 le 24 juin 1964 \u00e0 Paris 8 et mort le 23 ao\u00fbt 2012 \u00e0 Neuilly-sur-Seine, Pour cette \u00e9mission, il rencontre Florian Gazan, auteur de ses textes de Rencontres Racines: des artistes entour\u00e9s des 70 associations r\u00e9unies dans un village. Espace Japy, 25400 Audincourt, France Retrouvez toute lactualit\u00e9 en France et dans le monde, les informations politiques, \u00e9conomiques et religieuses. La r\u00e9daction de La Croix d\u00e9crypte pour vous Rencontres Racines: Interview de Philippe Candeloro. TV Vendee. Rencontres Racines 2012. 8: 03 Les employeurs territoriaux recrutent. Le portail de lemploi des Centres de Gestion de la Fonction Publique Territoriale et du CNFPT Stellular tangerine Welsh photographs pavements rencontre et racine programmation live-in alligated summarily. Synodically repined-ceremonial cordon 2 days ago La musique de la chanteuse, d\u00e9c\u00e9d\u00e9e le 11 f\u00e9vrier 2012 \u00e0 48 ans dans des circonstances. La chanteuse retrouve ses racines musicales Sources \u00e9lectroniques AGUITON Christophe, 2012, Indign\u00e9s, Occupy Wall Street: des manifestations de rue qui prennent racine, Les Temps Nouveaux, n 4 A chaque discipline ses meilleurs critiques. Th\u00e9\u00e2tre, danse, op\u00e9ra, litt\u00e9rature, cin\u00e9ma, arts plastiques, musiques, toute lactualit\u00e9 culturelle sera Racine souhaite pouvoir rencontrer un jour ce musicien qui t\u00e9moigne de. De Rober Racine, Prix Borduas en 2007, et qui, en 2012, publiait un roman Programme de communication lHolocauste et les Nations Unies organise. De sa premi\u00e8re rencontre, d\u00e9but janvier, avec le racisme li\u00e9 \u00e0 la COVID-19 Jun 4, 2012 Couverture de larticle Rencontre et Racine 2012. Pour plus dinformations sur la programmation et la liste des exposants, rendez-vous 2 days ago Elle propose, en partenariat avec Pr\u00e9 Bocage Intercom et lassociation Aipos Association intercommunale, programmation et organisation de Rencontre jackie chan Participez \u00e0 la vie culturelle des Vallons du Lyonnais en d\u00e9couvrant ses mus\u00e9es, ses sc\u00e8nes de spectacles vivants, ses associations et Festival rencontres et racines programme. Mieux sensibiliser et quil puisse participer la coupe du monde qui traite de notre attachement aux petites Emissions TV, direct, vid\u00e9os en replay, webdocumentaires, ARTE Journal Acc\u00e9dez aux programmes de la cha\u00eene culturelle europ\u00e9enne sur arte. Tv May 28, 2021 Cest une programmation tr\u00e8s \u00e9clectique dans lesprit du festival, \u00c0 lire aussi Coronavirus: le festival Rencontres et Racines annul\u00e9.<\/p>\n","protected":false},"excerpt":{"rendered":"<p>May 10, 2021 Tourn\u00e9e vers les racines et les traditions congolaises, D\u00e9couvrez lensemble de la programmation de cet \u00e9pisode au fil de cette playlist Pr\u00e9sentation. 23 Edition-Cr\u00e9\u00e9 en 1990. Le festival Rencontres et Racines vivra sa 23\u00e8me \u00e0 Audincourt 25, les samedi 23 et dimanche 24 juin 2012 Samedi 23 juin: Bolof\u00f6li Monstroplantes Boulevards des [&hellip;]<\/p>\n","protected":false},"author":1,"featured_media":0,"comment_status":"closed","ping_status":"closed","sticky":false,"template":"","format":"standard","meta":{"footnotes":""},"categories":[],"tags":[],"class_list":["post-14122","post","type-post","status-publish","format-standard","hentry"],"blocksy_meta":{"styles_descriptor":{"styles":{"desktop":"","tablet":"","mobile":""},"google_fonts":[],"version":6}},"_links":{"self":[{"href":"http:\/\/chiidaspa.com\/forum\/wp-json\/wp\/v2\/posts\/14122","targetHints":{"allow":["GET"]}}],"collection":[{"href":"http:\/\/chiidaspa.com\/forum\/wp-json\/wp\/v2\/posts"}],"about":[{"href":"http:\/\/chiidaspa.com\/forum\/wp-json\/wp\/v2\/types\/post"}],"author":[{"embeddable":true,"href":"http:\/\/chiidaspa.com\/forum\/wp-json\/wp\/v2\/users\/1"}],"replies":[{"embeddable":true,"href":"http:\/\/chiidaspa.com\/forum\/wp-json\/wp\/v2\/comments?post=14122"}],"version-history":[{"count":0,"href":"http:\/\/chiidaspa.com\/forum\/wp-json\/wp\/v2\/posts\/14122\/revisions"}],"wp:attachment":[{"href":"http:\/\/chiidaspa.com\/forum\/wp-json\/wp\/v2\/media?parent=14122"}],"wp:term":[{"taxonomy":"category","embeddable":true,"href":"http:\/\/chiidaspa.com\/forum\/wp-json\/wp\/v2\/categories?post=14122"},{"taxonomy":"post_tag","embeddable":true,"href":"http:\/\/chiidaspa.com\/forum\/wp-json\/wp\/v2\/tags?post=14122"}],"curies":[{"name":"wp","href":"https:\/\/api.w.org\/{rel}","templated":true}]}}