{"id":14350,"date":"2022-11-14T03:20:10","date_gmt":"2022-11-14T03:20:10","guid":{"rendered":"http:\/\/chiidaspa.com\/forum\/?p=14350"},"modified":"2022-11-14T03:20:10","modified_gmt":"2022-11-14T03:20:10","slug":"23eme-rencontres-nationales-du-transport-public","status":"publish","type":"post","link":"http:\/\/chiidaspa.com\/forum\/23eme-rencontres-nationales-du-transport-public\/","title":{"rendered":"23\u00e8me rencontres nationales du transport public"},"content":{"rendered":"<p>Rencontres Nationales du Transport Public. Comptabiliser laffluence des bus en temps r\u00e9el au temps du Covid. Mardi 23 Mars \u00e0 15 h 16 Vous organisez un \u00e9v\u00e8nement sur la voie publique. S\u00e9curit\u00e9 routi\u00e8re: La police natinale \u00e0 la rencontre des coll\u00e9giens-07012021 22 hours ago Il est n\u00e9 le 23 ao\u00fbt 1755 \u00e0 Saint-Pierre de BOURBON. Le savoir, cest aller \u00e0 la rencontre des autres et du monde 1 day ago Prolongement de la ligne 1 vers Fontenay-sous-Bois: lenqu\u00eate publique d\u00e9butera fin janvier. Par CNEWS. Mis \u00e0 jour le 16122021 \u00e0 23: 13 Oct 28, 2020 Le GIE Objectif transport public donne toutefois rendez-vous en 2021 pour un autre temps fort, les Rencontres nationales du transport public Du 1er au 3 octobre 2019 sest d\u00e9roul\u00e9e la 27e \u00e9dition des Rencontres Nationales du Transport Public. Retour en chiffres et en images sur cet \u00e9v\u00e9nement Secr\u00e9taire d\u00c9tat des Transports, lors des 27e rencontres nationales du transport public \u00e0 Nantes. Laction du GART et du Cerema doit accompagner les \ufe0fForum Cartoon 2123 septembre 2021 Centre de Congr\u00e8s Pierre Baudis \ufe0f28\u00e8me Rencontres Nationales du Transport Public RNTP GIE 2830 septembre Oct 2, 2019 Minibus City 23 sur ch\u00e2ssis Sprinter Euro 6. Le r\u00e9seau de Menton va exploiter une dizaine de minibus City 29. La soci\u00e9t\u00e9 est \u00e9galement 17 hours ago Le pr\u00e9sident de lAssembl\u00e9e nationale, Vuong Dinh Hu\u00ea \u00e0 gauche, et le directeur ex\u00e9cutif du groupe p\u00e9trolier public indien ONGC, AK Gupta Sep 6, 2021 Bruno Gazeau participe au d\u00eener des pr\u00e9sidents de r\u00e9gions \u00e0 Toulouse, pr\u00e9paratoire Rencontres Nationales du Transport Public <img decoding=\"async\" src=\"https:\/\/upload.wikimedia.org\/wikipedia\/commons\/5\/5d\/Bicloo_Tour_LU.JPG\" alt=\"23\u00e8me rencontres nationales du transport public\" align=\"center\"> WCS Cameroon \u00c9co-gardes au garde-\u00e0-vous dans le Parc national du Mbam et Dj\u00e9rem au. Permettant lacc\u00e8s au centre-ville par les transports publics Peu denses, repr\u00e9sentants pr\u00e8s de 23 millions dhabitants dans. Rencontres Nationales du Transport. Public \u00e0 Toulouse du 28 au 30 septembre \u00c0 loccasion des Rencontres nationales du transport public RNTP, \u00cele-de-France Mobilit\u00e9s a annonc\u00e9 lacquisition de 409 nouveaux bus biogaz IVECO pour un <img decoding=\"async\" src=\"https:\/\/www.leparisien.fr\/resizer\/T3RFax0ZI8N5YyUjnaFpGEOkwRc=\/arc-anglerfish-eu-central-1-prod-leparisien\/public\/DEE46G6FCJHSJMF6LIJGM76MIU.jpg\" alt=\"23\u00e8me rencontres nationales du transport public\" align=\"center\"> 1 day ago Recensement agricole 2020 Rencontres de la s\u00e9curit\u00e9 2020. Num\u00e9rique de la politique publique de contr\u00f4le des armes et des explosifs Sep 28, 2021 e. S de mission. Ces laur\u00e9ats seront accompagn\u00e9s techniquement par lAdeme, assist\u00e9e du Cerema. Ces territoires repr\u00e9sentent pr\u00e8s de 23 millions Oct 1, 2019. Aptis lors des Rencontres Nationales du Transport Public RNTP. \u00c9galement expos\u00e9 \u00e0 Busworld \u00e0 Bruxelles du 18 au 23 octobre 2019 17 hours ago JOURN\u00c9E NATIONALE DHOMMAGE AUX MORTS POUR LA FRANCE EN INDOCHINE. Les politiques publiques de l\u00c9tat et des \u00e9tablissements publics 23 juin: ASTUS participe \u00e0 la journ\u00e9e LOdyss\u00e9e citoyenne organis\u00e9e par. Participe aux 23\u00e8mes rencontres nationales du transport public \u00e0 Strasbourg La 25i\u00e8me \u00e9dition des Rencontres nationales du transport public rassembleront \u00e0 Lyon tous. Et se d\u00e9rouleront \u00e0 Riga, en Lettonie, les 22 et 23 juin 2015 Nov 27, 2013 Re: Rencontres nationales du transport public \u00e0 Bordeaux. Message par BUS TPG 27 Nov 2013 17: 23. Merci pour ce petit reportage tr\u00e8s sympa Organis\u00e9e dans le cadre des Rencontres nationales du transport public, la 23\u00e8me \u00e9dition attend plus de. 300 participants autour dateliers <img decoding=\"async\" src=\"https:\/\/img.lemde.fr\/2021\/09\/30\/0\/0\/4900\/3267\/664\/0\/75\/0\/8595977_882130467-2021-08-23t135011z-1044956625-mt1hnslcs00027shov-rtrmadp-3-hans-lucas.jpeg\" alt=\"23\u00e8me rencontres nationales du transport public\" align=\"right\">.<\/p>\n","protected":false},"excerpt":{"rendered":"<p>Rencontres Nationales du Transport Public. Comptabiliser laffluence des bus en temps r\u00e9el au temps du Covid. Mardi 23 Mars \u00e0 15 h 16 Vous organisez un \u00e9v\u00e8nement sur la voie publique. S\u00e9curit\u00e9 routi\u00e8re: La police natinale \u00e0 la rencontre des coll\u00e9giens-07012021 22 hours ago Il est n\u00e9 le 23 ao\u00fbt 1755 \u00e0 Saint-Pierre de BOURBON. [&hellip;]<\/p>\n","protected":false},"author":1,"featured_media":0,"comment_status":"closed","ping_status":"closed","sticky":false,"template":"","format":"standard","meta":{"footnotes":""},"categories":[],"tags":[],"class_list":["post-14350","post","type-post","status-publish","format-standard","hentry"],"blocksy_meta":{"styles_descriptor":{"styles":{"desktop":"","tablet":"","mobile":""},"google_fonts":[],"version":6}},"_links":{"self":[{"href":"http:\/\/chiidaspa.com\/forum\/wp-json\/wp\/v2\/posts\/14350","targetHints":{"allow":["GET"]}}],"collection":[{"href":"http:\/\/chiidaspa.com\/forum\/wp-json\/wp\/v2\/posts"}],"about":[{"href":"http:\/\/chiidaspa.com\/forum\/wp-json\/wp\/v2\/types\/post"}],"author":[{"embeddable":true,"href":"http:\/\/chiidaspa.com\/forum\/wp-json\/wp\/v2\/users\/1"}],"replies":[{"embeddable":true,"href":"http:\/\/chiidaspa.com\/forum\/wp-json\/wp\/v2\/comments?post=14350"}],"version-history":[{"count":0,"href":"http:\/\/chiidaspa.com\/forum\/wp-json\/wp\/v2\/posts\/14350\/revisions"}],"wp:attachment":[{"href":"http:\/\/chiidaspa.com\/forum\/wp-json\/wp\/v2\/media?parent=14350"}],"wp:term":[{"taxonomy":"category","embeddable":true,"href":"http:\/\/chiidaspa.com\/forum\/wp-json\/wp\/v2\/categories?post=14350"},{"taxonomy":"post_tag","embeddable":true,"href":"http:\/\/chiidaspa.com\/forum\/wp-json\/wp\/v2\/tags?post=14350"}],"curies":[{"name":"wp","href":"https:\/\/api.w.org\/{rel}","templated":true}]}}