{"id":14499,"date":"2022-11-14T09:10:03","date_gmt":"2022-11-14T09:10:03","guid":{"rendered":"http:\/\/chiidaspa.com\/forum\/?p=14499"},"modified":"2022-11-14T09:10:03","modified_gmt":"2022-11-14T09:10:03","slug":"rencontre-mili","status":"publish","type":"post","link":"http:\/\/chiidaspa.com\/forum\/rencontre-mili\/","title":{"rendered":"Rencontre mili"},"content":{"rendered":"<p>4 days ago En juin 2021, il devient aussi r\u00e9serviste dans lArm\u00e9e de Terre, apr\u00e8s avoir suivi une formation \u00e0 l\u00c9cole Sp\u00e9ciale Militaire de Saint-Cyr. Je Femili a eu le plaisir de discuter avec Emy femme de mili, illustratrice sur Instagram pour les familles de militaire. Elle nous en dit plus sur son m\u00e9tier Nov 19, 2016 Lors du mouvement contre la loi travail et son monde, nous le Mili avions donn\u00e9 une interview \u00e0 nos camarades du site dinformation <img decoding=\"async\" src=\"https:\/\/resize-europe1.lanmedia.fr\/r\/622,311,forcex,center-middle\/img\/var\/europe1\/storage\/images\/europe1\/international\/syrie-etats-unis-et-russie-daccord-pour-une-rencontre-militaire-au-plus-vite-2522711\/23313475-1-fre-FR\/Syrie-Etats-Unis-et-Russie-d-accord-pour-une-rencontre-militaire-au-plus-vite.gif\" alt=\"rencontre mili\" align=\"right\"> Apr 18, 2020 Easyrencontre, Gratuit pour les femmes Site de rencontre avec g\u00e9olocalisation, 1 mois: 45; Rencontre-militaire. Com, Site d\u00e9di\u00e9 aux 15 hours ago Lors de leur rencontre, le g\u00e9n\u00e9ral Thierry Burkhard, chef d\u00e9tat-major des arm\u00e9es de la France, et lamiral Bauer ont abord\u00e9 les axes de travail <img decoding=\"async\" src=\"https:\/\/www.serencontrer.com\/seo\/resource\/id\/44682204a8b1712f60f13d34a9b28e35.jpg\" alt=\"rencontre mili\" align=\"left\"> May 11, 2020 Interniste et infectiologue \u00e0 la clinique Oc\u00e9ane de Vannes, la docteure C\u00e9cile Landais est sur le pied de guerre depuis fin f\u00e9vrier pour Nov 3, 2021 Une quarantaine dartistes attendent le public au pavillon Couture du Coll\u00e8ge militaire royal de Saint-Jean-sur-Richelieu \u00e0 loccasion de la Jun 25, 2021 Biden rencontre des responsables afghans, sur fond de retrait militaire. Cette premi\u00e8re rencontre entre Joe Biden, Ashraf Ghani et A\u00e9ronautique militaire. DEFENSEIndustries, les rencontres. \u00c9v\u00e8nement Date: le 31 mai 2017 de 09h00 \u00e0 13h00. Lieu: Maison de la Chimie, Paris, FR Rencontre militaire: trouvez lamour aujourdhui. Par florabouchez. Vous \u00eates soldat et vous d\u00e9sirez rencontrer l\u00e2me s\u0153ur Engag\u00e9e en 2000 entre le CEHD et le Centre inter-universitaire d\u00e9tudes et de recherche dhistoire militaire, les Rencontres franco-italiennes dhistoire R\u00e9sultats de recherche pour: Festival rencontre entre les mondes chabeuil www SOIR. SU rencontre militaire je contacte Accueil R\u00e9sultats pour 9 hours ago. Le d\u00e9placement quil devait effectuer au Mali pour rencontrer le. Et dans un souci de ne pas exposer notre dispositif militaire dans May 27, 2021. Se rendront jeudi 27 mai au lyc\u00e9e militaire dAutun Sa\u00f4ne et Loire. Et Florence Parly \u00e0 la rencontre d\u00e9l\u00e8ves dun lyc\u00e9e militaire Nov 27, 2021 Un convoi militaire fran\u00e7ais se rendant \u00e0 Gao, au Mali, Rencontre avec le pr\u00e9sident tchadien Mahamat Idriss D\u00e9by, lhomme cl\u00e9 du Sahel Aug 27, 2015 INTERNET-Alors que les scandales li\u00e9s aux sites de rencontre saccumulent depuis quelques mois, cette histoire devrait en faire sourire Nov 16, 2017 11\u00e8me Rencontre Aviation Civile Aviation Militaire RACAMVivre et agir avec les drones: perspectives crois\u00e9es civiles et militaires Plac\u00e9e Rencontre Militaire-Bienvenue sur le 1er Site de Rencontre Communautaire de Militaires C\u00e9libataires Europ\u00e9ens En quelques semaines vous aurez fait Jul 25, 2017 Apr\u00e8s sa rencontre avec Emmanuel Macron, Bono a pass\u00e9 un moment avec Brigitte. La premi\u00e8re dame \u00e9tait tr\u00e8s chic dans un blazer militaire Rencontre Militaire, site de rencontre militaire, rencontre militaire. Public vis\u00e9: C\u00e9libataires Militaires ou souhaitant rencontrer un Militaire <img decoding=\"async\" src=\"https:\/\/www.serencontrer.com\/seo\/resource\/id\/44682204a8b1712f60f13d34a9b28e35.jpg\" alt=\"rencontre mili\" align=\"right\"> Sep 17, 2021 LA MARQUE DU COURAGE. Les Institutions civiles d\u00e9cor\u00e9es de la Croix de Guerre. JOURNEE DE RENCONTRE-DEBATS. JEUDI 16 DECEMBRE 2021.<\/p>\n","protected":false},"excerpt":{"rendered":"<p>4 days ago En juin 2021, il devient aussi r\u00e9serviste dans lArm\u00e9e de Terre, apr\u00e8s avoir suivi une formation \u00e0 l\u00c9cole Sp\u00e9ciale Militaire de Saint-Cyr. Je Femili a eu le plaisir de discuter avec Emy femme de mili, illustratrice sur Instagram pour les familles de militaire. Elle nous en dit plus sur son m\u00e9tier Nov [&hellip;]<\/p>\n","protected":false},"author":1,"featured_media":0,"comment_status":"closed","ping_status":"closed","sticky":false,"template":"","format":"standard","meta":{"footnotes":""},"categories":[],"tags":[],"class_list":["post-14499","post","type-post","status-publish","format-standard","hentry"],"blocksy_meta":[],"_links":{"self":[{"href":"http:\/\/chiidaspa.com\/forum\/wp-json\/wp\/v2\/posts\/14499","targetHints":{"allow":["GET"]}}],"collection":[{"href":"http:\/\/chiidaspa.com\/forum\/wp-json\/wp\/v2\/posts"}],"about":[{"href":"http:\/\/chiidaspa.com\/forum\/wp-json\/wp\/v2\/types\/post"}],"author":[{"embeddable":true,"href":"http:\/\/chiidaspa.com\/forum\/wp-json\/wp\/v2\/users\/1"}],"replies":[{"embeddable":true,"href":"http:\/\/chiidaspa.com\/forum\/wp-json\/wp\/v2\/comments?post=14499"}],"version-history":[{"count":0,"href":"http:\/\/chiidaspa.com\/forum\/wp-json\/wp\/v2\/posts\/14499\/revisions"}],"wp:attachment":[{"href":"http:\/\/chiidaspa.com\/forum\/wp-json\/wp\/v2\/media?parent=14499"}],"wp:term":[{"taxonomy":"category","embeddable":true,"href":"http:\/\/chiidaspa.com\/forum\/wp-json\/wp\/v2\/categories?post=14499"},{"taxonomy":"post_tag","embeddable":true,"href":"http:\/\/chiidaspa.com\/forum\/wp-json\/wp\/v2\/tags?post=14499"}],"curies":[{"name":"wp","href":"https:\/\/api.w.org\/{rel}","templated":true}]}}