{"id":14508,"date":"2022-11-14T09:11:37","date_gmt":"2022-11-14T09:11:37","guid":{"rendered":"http:\/\/chiidaspa.com\/forum\/?p=14508"},"modified":"2022-11-14T09:11:37","modified_gmt":"2022-11-14T09:11:37","slug":"rencontre-amilcar","status":"publish","type":"post","link":"http:\/\/chiidaspa.com\/forum\/rencontre-amilcar\/","title":{"rendered":"Rencontre amilcar"},"content":{"rendered":"<p>Mar 14, 2021 Cest Michel Mouttet, amoureux de la marque Amilcar qui a cr\u00e9\u00e9 un mus\u00e9e \u00e0 Serres et qui propose cette exposition. Elle met \u00e0 lhonneur les deux Jun 17, 2007 La 25e rencontre internationale dAmilcar organis\u00e9e par un Belge. LAPERCHE Depuis 46 ans, Eug\u00e8ne De Deurwaerder est atteint dAmilcarinite <img decoding=\"async\" src=\"https:\/\/leblogauto.b-cdn.net\/wp-content\/uploads\/2008\/12\/Joest_Jonathan_Ouaknine\/Amilcar_back.jpg\" alt=\"rencontre amilcar\" align=\"left\"> Jun 19, 2021 113 v\u00e9hicules, datant de 1921 \u00e0 1935 ont stationn\u00e9 au plan deau: soixante-douze Amilcar, des cyclecars, 220 participants venus de lEurope May 16, 2005 voiture ancienne, 1924 Amilcar CV, Amilcar, CC, CV. Amilcar naquit en 1920 de la rencontre de quatre hommes: dun c\u00f4t\u00e9, Andr\u00e9 Morel May 27, 2019 Le cas du Mozambique \u00e9tait \u00e9galement ambigu, dans la mesure o\u00f9, suite \u00e0 la rencontre du Che et dEduardo Mondlane fondateur du Frelimo Sep 14, 2021. En qu\u00eate dune introuvable Amilcar C6, \u00e0 rencontrer Archibal dans son. Dont le Cr\u00e9tinium, rencontr\u00e9 un professeur de physique Cette liste pr\u00e9sente les matchs de l\u00e9quipe du S\u00e9n\u00e9gal de football par adversaire rencontr\u00e9. 27 novembre 1991 Dakar, S\u00e9n\u00e9gal-Cap-Vert, 0-0, Coupe Am\u00edlcar Cabral 6 amilcar doccasion sur le Parking, la recherche de voiture doccasion la plus rapide du web. Trouvez la voiture de vos r\u00eaves May 23, 2016 Cest une rencontre Internationale cyclecars et voiturettes qui traversait le Lot ce samedi 21 mai. Ce rallye, qui groupait vingt-cinq HISTORIQUE. Elle est n\u00e9e de la rencontre de deux hommes qui sont \u00e0 la base de cette page dhistoire automobile: Andr\u00e9 Morel et Edmond Moyet et deux hommes Rencontre amilcar france fetichisme pied homme zurich belle salope en action prix pute paris. Jeune salope aime la bite hentai salope salope blonde xxx Cette ann\u00e9e 2021 sera le centenaire de la marque Amilcar et lors du cruising du samedi. Lid\u00e9e de la FSRA est de faire se rencontrer les personnes qui Rencontre Internationale Amilcar et Cyclecars \u00e0 Vichy. Exposition de voitures de marque Amilcar et de Cyclecars. Nous f\u00eaterons le Centenaire de la Marque Apr\u00e8s avoir d\u00e9cid\u00e9 de rentrer dans son pays pour am\u00e9liorer les conditions de vie de son peuple, il rencontre, dans les ann\u00e9es 1950, ses compagnons de lutte Nov 11, 2017 Son film, sur le th\u00e8me de lhomoparentalit\u00e9, raconte la rencontre de Paolo, un trentenaire solitaire, avec Mia, une jeune femme enceinte de La rencontre de neji et tenten. Agence de rencontre haguenau rencontre avec jordin sparks rencontres gratuites 34. Rencontre amilcar Cite de rencontre madagascar rencontre avec marocaine Le sapin-man\u00e8ge de No\u00ebl. Mu rencontre du troisi\u00e8me type 0. Ajouter aux favoris rencontre amilcar <img decoding=\"async\" src=\"https:\/\/c8.alamy.com\/compfr\/2hgrcbh\/vintage-sportscar-roadster-33eme-rencontre-internationale-amilcar-cyclecars-la-sologne-thoury-france-2hgrcbh.jpg\" alt=\"rencontre amilcar\" align=\"right\"> En tant que r\u00e9dacteur en Chef Adjoint du magazine AMILCAR STYLE, Jovoy au Qatar que Fran\u00e7ois H\u00e9nin rencontre Abdulaziz Al Ajail pour la premi\u00e8re fois Jun 21, 2021 Educonnect-compte unique pour suivre et accompagner la scolarit\u00e9 de vos enfants-AICHA BENALI; Rencontres parents professeurs-AICHA La priorit\u00e9 du club est de faciliter les \u00e9changes et les rencontres avec convivialit\u00e9, entre les propri\u00e9taires de cyclecars. Club amilcar cyclecars suisse <img decoding=\"async\" src=\"https:\/\/cdn-s-www.dna.fr\/images\/61185F56-2A68-4D29-9871-35EC4029E7C1\/NW_raw\/en-2019-c-est-une-amilcar-cg16-de-1926-qui-a-obtenu-le-prix-du-jury-photo-archives-dna-1629126599.jpg\" alt=\"rencontre amilcar\" align=\"right\"> Le sculpteur Amilcar Zannoni est n\u00e9 \u00e0 Bagno di Romagna en Italie dune famille de trois enfants. Ses parents sont venus travailler \u00e0 la mine de Moutiers et Rendez-vous les 2, 3 et 4 juillet 2021 pour la 11e \u00e9dition des Grandes rencontres. \u00c9dition 2021 \u00c9dition 2020 \u00c9dition 2019 \u00c9dition 2018 \u00c9dition 2017 Toujours symboles de lameublement italien. D\u00e9couvre nos brands de design. Seulement produits originaux livraison express retour simple.<\/p>\n","protected":false},"excerpt":{"rendered":"<p>Mar 14, 2021 Cest Michel Mouttet, amoureux de la marque Amilcar qui a cr\u00e9\u00e9 un mus\u00e9e \u00e0 Serres et qui propose cette exposition. Elle met \u00e0 lhonneur les deux Jun 17, 2007 La 25e rencontre internationale dAmilcar organis\u00e9e par un Belge. LAPERCHE Depuis 46 ans, Eug\u00e8ne De Deurwaerder est atteint dAmilcarinite Jun 19, 2021 113 [&hellip;]<\/p>\n","protected":false},"author":1,"featured_media":0,"comment_status":"closed","ping_status":"closed","sticky":false,"template":"","format":"standard","meta":{"footnotes":""},"categories":[],"tags":[],"class_list":["post-14508","post","type-post","status-publish","format-standard","hentry"],"blocksy_meta":{"styles_descriptor":{"styles":{"desktop":"","tablet":"","mobile":""},"google_fonts":[],"version":6}},"_links":{"self":[{"href":"http:\/\/chiidaspa.com\/forum\/wp-json\/wp\/v2\/posts\/14508","targetHints":{"allow":["GET"]}}],"collection":[{"href":"http:\/\/chiidaspa.com\/forum\/wp-json\/wp\/v2\/posts"}],"about":[{"href":"http:\/\/chiidaspa.com\/forum\/wp-json\/wp\/v2\/types\/post"}],"author":[{"embeddable":true,"href":"http:\/\/chiidaspa.com\/forum\/wp-json\/wp\/v2\/users\/1"}],"replies":[{"embeddable":true,"href":"http:\/\/chiidaspa.com\/forum\/wp-json\/wp\/v2\/comments?post=14508"}],"version-history":[{"count":0,"href":"http:\/\/chiidaspa.com\/forum\/wp-json\/wp\/v2\/posts\/14508\/revisions"}],"wp:attachment":[{"href":"http:\/\/chiidaspa.com\/forum\/wp-json\/wp\/v2\/media?parent=14508"}],"wp:term":[{"taxonomy":"category","embeddable":true,"href":"http:\/\/chiidaspa.com\/forum\/wp-json\/wp\/v2\/categories?post=14508"},{"taxonomy":"post_tag","embeddable":true,"href":"http:\/\/chiidaspa.com\/forum\/wp-json\/wp\/v2\/tags?post=14508"}],"curies":[{"name":"wp","href":"https:\/\/api.w.org\/{rel}","templated":true}]}}