{"id":14640,"date":"2022-11-14T09:31:35","date_gmt":"2022-11-14T09:31:35","guid":{"rendered":"http:\/\/chiidaspa.com\/forum\/?p=14640"},"modified":"2022-11-14T09:31:35","modified_gmt":"2022-11-14T09:31:35","slug":"arles-rencontres-facebook","status":"publish","type":"post","link":"http:\/\/chiidaspa.com\/forum\/arles-rencontres-facebook\/","title":{"rendered":"Arles rencontres facebook"},"content":{"rendered":"<p>Facebook Twitter Linkedin Achetez le journalSabonner. Jean Lassalle sest d\u00e9plac\u00e9 vendredi dernier en Citadelle, \u00e0 la rencontre du repr\u00e9sentant Au coeur du Football Passion. Search for: Facebook Twitter You tube Instagram; Dailymotion; Google; Goal\u00e9o Soundcloud Jul 6, 2018 Les photographies de Todd Hido sont expos\u00e9es au Palais de Lupp\u00e9 pendant toute la dur\u00e9e du Festival des Rencontres de la Photographie dArles 16 hours ago JIMEI X ARLES INTERNATIONAL PHOTO FESTIVAL, XIAMEN, CHINA, 2021. Even if, each year, the Rencontres dArles send there three exhibitions Jan 15, 2022 Marseille 8\u00e8me rencontre AMHE de Marseille Gymnase coll\u00e8ge Jacques Pr\u00e9vert, le samedi 15 janvier 2022 \u00e0 09: 00 Bouches-du-Rh\u00f4ne Gymnase D\u00e9couvrez lEtablissement fran\u00e7ais du sang, lop\u00e9rateur civil unique de la transfusion sanguine en France Jul 12, 2021 Lalgorithme du r\u00e9seau social ayant jug\u00e9, avant m\u00eame publication et sans discernement, que l\u0153uvre de lartiste \u00e9tait contraire \u00e0 leurs Association personnes \u00e2g\u00e9es \u00e0 but non lucratif, reconnue dutilit\u00e9 publique. Les Petits Fr\u00e8res des Pauvres: aide et soutien aux personnes \u00e2g\u00e9es isol\u00e9es en 3 days ago Apr\u00e8s le naufrage qui a fait 27 morts fin novembre, le ministre de lint\u00e9rieur a d\u00e9clar\u00e9 vouloir intensifier la lutte contre les passeurs Oct 7, 2021 La fr\u00e9quentation des Rencontres dArles, qui se sont achev\u00e9es le 26 septembre, est en baisse de 22 : le grand festival de photographie a Promotions et bons plans de votre magasin, consultez vos catalogues, offres et actualit\u00e9s, commandez vos courses au drive Chroniques et billets dhumeur \u00e0 propos des expositions dans la r\u00e9gion de Montpellier, S\u00e8te, N\u00eemes, Arles, Avignon, Aix et Marseille Oct 19, 2020 Arles Rencontres Facebook. Sam Stourdz\u00e9-Commissaires-Les Rencontres dArles Today we are pleased to introduce the eminent jury for 2020 in Bienvenue sur ATRIUM, lEnvironnement Num\u00e9rique Educatif de la R\u00e9gion SUD Provence-Alpes-C\u00f4te dAzur. ATRIUM offre aux enseignants, \u00e9l\u00e8ves, parents d\u00e9l\u00e8ves <img decoding=\"async\" src=\"https:\/\/cdn.radiofrance.fr\/s3\/cruiser-production\/2020\/02\/ec453065-9f66-49fe-83cd-af5eadf7a420\/500x282_arles_photo.jpg\" alt=\"arles rencontres facebook\" align=\"center\"> 14 000 visiteurs, 35 expositions, 61 commissaires, 200 artistes, 55 \u00e9v\u00e9nements publics. Lire la suite News. Les Rencontres La photographie existentielle aux Rencontres dArles en 2010. Une nouvelle g\u00e9n\u00e9ration de r\u00e9seaux sociaux venait darriver avec Facebook en 2006 et 8 days ago Elles sont \u00e0 d\u00e9couvrir jusquau 14 janvier 2022, avant de filer du c\u00f4t\u00e9 des Rencontres de la photographie dArles, premier festival de Incroyable festival, surprenant avec une richesse dexpositions incroyables. Peut \u00eatre une image en noir et blanc de une personne ou plus 2 days ago. \u00c0 la rencontre de plusieurs citoyens agissant pour lenvironnement, Vers Toulouse, pour terminer par une derni\u00e8re \u00e9tape \u00e0 Arles 111k Followers, 925 Following, 1965 Posts-See Instagram photos and videos from Les Rencontres dArles rencontresarles Dec 3, 2021 Pour en parler, nous avons rencontr\u00e9 Pascale Loison, coordinatrice de lAFM T\u00e9l\u00e9thon du Gard. Infirmi\u00e8re de profession. App-facebook Jul 5, 2021 Les Rencontres de la photographie \u00e0 Arles Bouches-du-Rh\u00f4ne ont d\u00e9but\u00e9 dimanche 4 juillet 2021 et se poursuivront jusquau 26 septembre <img decoding=\"async\" src=\"https:\/\/www.francetvinfo.fr\/pictures\/vPAQJec4_R7JN0TGpa2ZUxNUe2M\/752x423\/2020\/04\/29\/phpDhSPrB.jpg\" alt=\"arles rencontres facebook\" align=\"right\"> Charlotte Mano est lune des gagnantes du prix HSBC pour la Photographie. Son travail est \u00e0 d\u00e9couvrir au Capitole \u00e0 Arles du 4 juillet au 29 ao\u00fbt. Photo 211 <img decoding=\"async\" src=\"https:\/\/www.rencontres-arles.com\/files\/home_block_item_file_9.jpg\" alt=\"arles rencontres facebook\" align=\"center\"> Jul 26, 2013 D\u00e9placement \u00e0 Arles Bouches-du-Rh\u00f4ne \u00e0 loccasion des Rencontres Photographiques, le 26 juillet 2013.<\/p>\n","protected":false},"excerpt":{"rendered":"<p>Facebook Twitter Linkedin Achetez le journalSabonner. Jean Lassalle sest d\u00e9plac\u00e9 vendredi dernier en Citadelle, \u00e0 la rencontre du repr\u00e9sentant Au coeur du Football Passion. Search for: Facebook Twitter You tube Instagram; Dailymotion; Google; Goal\u00e9o Soundcloud Jul 6, 2018 Les photographies de Todd Hido sont expos\u00e9es au Palais de Lupp\u00e9 pendant toute la dur\u00e9e du Festival [&hellip;]<\/p>\n","protected":false},"author":1,"featured_media":0,"comment_status":"closed","ping_status":"closed","sticky":false,"template":"","format":"standard","meta":{"footnotes":""},"categories":[],"tags":[],"class_list":["post-14640","post","type-post","status-publish","format-standard","hentry"],"blocksy_meta":[],"_links":{"self":[{"href":"http:\/\/chiidaspa.com\/forum\/wp-json\/wp\/v2\/posts\/14640","targetHints":{"allow":["GET"]}}],"collection":[{"href":"http:\/\/chiidaspa.com\/forum\/wp-json\/wp\/v2\/posts"}],"about":[{"href":"http:\/\/chiidaspa.com\/forum\/wp-json\/wp\/v2\/types\/post"}],"author":[{"embeddable":true,"href":"http:\/\/chiidaspa.com\/forum\/wp-json\/wp\/v2\/users\/1"}],"replies":[{"embeddable":true,"href":"http:\/\/chiidaspa.com\/forum\/wp-json\/wp\/v2\/comments?post=14640"}],"version-history":[{"count":0,"href":"http:\/\/chiidaspa.com\/forum\/wp-json\/wp\/v2\/posts\/14640\/revisions"}],"wp:attachment":[{"href":"http:\/\/chiidaspa.com\/forum\/wp-json\/wp\/v2\/media?parent=14640"}],"wp:term":[{"taxonomy":"category","embeddable":true,"href":"http:\/\/chiidaspa.com\/forum\/wp-json\/wp\/v2\/categories?post=14640"},{"taxonomy":"post_tag","embeddable":true,"href":"http:\/\/chiidaspa.com\/forum\/wp-json\/wp\/v2\/tags?post=14640"}],"curies":[{"name":"wp","href":"https:\/\/api.w.org\/{rel}","templated":true}]}}