{"id":14681,"date":"2022-11-14T09:38:55","date_gmt":"2022-11-14T09:38:55","guid":{"rendered":"http:\/\/chiidaspa.com\/forum\/?p=14681"},"modified":"2022-11-14T09:38:55","modified_gmt":"2022-11-14T09:38:55","slug":"rencontres-europeennes-rome","status":"publish","type":"post","link":"http:\/\/chiidaspa.com\/forum\/rencontres-europeennes-rome\/","title":{"rendered":"Rencontres europ\u00e9ennes rome"},"content":{"rendered":"<p>Concernant la coop\u00e9ration des deux s\u0153urs latines, les th\u00e8mes les plus importants ont \u00e9t\u00e9 la relance de l\u00e9conomie europ\u00e9enne, la r\u00e9ouverture des fronti\u00e8res Les rencontres pays de la F\u00e9d\u00e9ration dInt\u00e9r\u00eat G\u00e9n\u00e9ral Europ\u00e9en OCCE permettront aux membres et aux non-membres de la F\u00e9d\u00e9ration de faire un point sur les Mar 10, 2021 Ces individus sont consid\u00e9r\u00e9s comme les b\u00e2tisseurs de lEurope. Il est \u00e9galement un des inspirateurs du trait\u00e9 de Rome de 1957 cr\u00e9ant May 10, 2017 Nancy Mai de lEurope et 60 ans des Trait\u00e9s de Rome: rencontre avec un t\u00e9moin de l\u00e9poque. T\u00e9moin de la pr\u00e9paration et de la signature des Nov 8, 2021. Suite \u00e0 sa rencontre avec le ministre des Affaires \u00e9trang\u00e8res et de la Coop\u00e9ration internationale de lItalie, Luigi Di Maio Rome Oct 8, 2018 La patronne du Rassemblement national a rencontr\u00e9 lundi \u00e0 Rome le leader de la Ligue, dont elle loue la politique anti-immigration Communaut\u00e9 europ\u00e9enne du Charbon et de lAcier rencontre son hostilit\u00e9: oppos\u00e9 \u00e0 la CED, le G\u00e9n\u00e9ral nest pas non plus favorable aux trait\u00e9s de Rome En mars 1957, Rome a vu se signer un accord entre six pays. De deux Trait\u00e9s: lun a cr\u00e9\u00e9 la Communaut\u00e9 comme il arrive souvent en Septembre, quand la f\u00eate de Saint-Matthieu fe rencontre avec les Quatre temsg tout le tems que le Saint Si\u00e9ge eft vacant Le Volontariat International permet aux jeunes fran\u00e7ais et ressortissants dun pays de lEspace Economique Europ\u00e9en, \u00e2g\u00e9s de 18 \u00e0 28 ans, de d\u00e9buter leur Migrants et r\u00e9fugi\u00e9s: \u00e0 Rome la rencontre entre les responsables europ\u00e9ens des projets de lOrdre de Malte 12042018. Rome, le 12 avril 2018 D\u00e9battre Nov 26, 2021 Lors dun d\u00e9placement \u00e0 Rome ce vendredi, le pr\u00e9sident fran\u00e7ais va. Notamment aborder les crises migratoires aux portes de lEurope En cet \u00e9t\u00e9 451, le g\u00e9n\u00e9ral romain Aetius entend mettre un terme \u00e0 la marche du roi des Huns \u00e0 travers les Gaules. Le face-\u00e0-face qui se pr\u00e9pare va-t-il Oct 28, 2021 Le concept de souverainet\u00e9 europ\u00e9enne cher \u00e0 Emmanuel Macron suscite cependant une certaine m\u00e9fiance dans plusieurs pays de lUE, mais aussi Apr 22, 2021 Lappel de Rome pour une \u00e9thique de lintelligence artificielle rencontre un \u00e9cho dans le monde entier. Une initiative conjointe sur lIA Oct 29, 2021 La rencontre se tiendra \u00e0 lambassade de France \u00e0 Rome, pr\u00e8s du Saint-Si\u00e8ge, selon les informations obtenues par Europe 1. Il ne sagit pas d <img decoding=\"async\" src=\"https:\/\/bretagne.cfdt.fr\/upload\/docs\/image\/jpeg\/2017-04\/dje_rome.jpg.associated\/th-670x670-dje_rome.jpg.jpg\" alt=\"rencontres europ\u00e9ennes rome\" align=\"center\"> Nov 26, 2021. Vendredi \u00e0 Rome, un trait\u00e9 franco-italien pour une coop\u00e9ration bilat\u00e9rale. Avait rencontr\u00e9 en France un meneur des gilets jaunes 5 days ago Les rencontres sont pr\u00e9vues en f\u00e9vrier 15, 16, 22 ou 23 pour le match. Naples, lOlympiakos, la Lazio Rome, Braga, le Betis S\u00e9ville <img decoding=\"async\" src=\"https:\/\/i.ytimg.com\/vi\/LgqWGSB_5ZY\/maxresdefault.jpg\" alt=\"rencontres europ\u00e9ennes rome\" align=\"center\"> Les Ten-T Days sont organis\u00e9s par la Direction g\u00e9n\u00e9rale de la Mobilit\u00e9 et des Transports DG Move de la Commission europ\u00e9enne et se d\u00e9rouleront \u00e0 Tallinn Mar 30, 2019 Une rencontre de ces nationalistes europ\u00e9ens \u00e0 laquelle Jordan Bardella, t\u00eate de liste du Rassemblement national a particip\u00e9 <img decoding=\"async\" src=\"https:\/\/www.letrot.com\/images\/ACTUALITES_TURFCOM\/gotland_enghien.jpg\" alt=\"rencontres europ\u00e9ennes rome\" align=\"right\"> Oct 30, 2021 Rencontre BidenMacron: Cest lavenir quil faut regarder, assure Emmanuel Macron BFMTV International Europe Italie Signature des trait\u00e9s de Rome instituant le March\u00e9 commun europ\u00e9en et l. Domine la ville \u00e9ternelle a \u00e9t\u00e9 le cadre majestueux de la rencontre des 6 venus.<\/p>\n","protected":false},"excerpt":{"rendered":"<p>Concernant la coop\u00e9ration des deux s\u0153urs latines, les th\u00e8mes les plus importants ont \u00e9t\u00e9 la relance de l\u00e9conomie europ\u00e9enne, la r\u00e9ouverture des fronti\u00e8res Les rencontres pays de la F\u00e9d\u00e9ration dInt\u00e9r\u00eat G\u00e9n\u00e9ral Europ\u00e9en OCCE permettront aux membres et aux non-membres de la F\u00e9d\u00e9ration de faire un point sur les Mar 10, 2021 Ces individus sont consid\u00e9r\u00e9s [&hellip;]<\/p>\n","protected":false},"author":1,"featured_media":0,"comment_status":"closed","ping_status":"closed","sticky":false,"template":"","format":"standard","meta":{"footnotes":""},"categories":[],"tags":[],"class_list":["post-14681","post","type-post","status-publish","format-standard","hentry"],"blocksy_meta":[],"_links":{"self":[{"href":"http:\/\/chiidaspa.com\/forum\/wp-json\/wp\/v2\/posts\/14681","targetHints":{"allow":["GET"]}}],"collection":[{"href":"http:\/\/chiidaspa.com\/forum\/wp-json\/wp\/v2\/posts"}],"about":[{"href":"http:\/\/chiidaspa.com\/forum\/wp-json\/wp\/v2\/types\/post"}],"author":[{"embeddable":true,"href":"http:\/\/chiidaspa.com\/forum\/wp-json\/wp\/v2\/users\/1"}],"replies":[{"embeddable":true,"href":"http:\/\/chiidaspa.com\/forum\/wp-json\/wp\/v2\/comments?post=14681"}],"version-history":[{"count":0,"href":"http:\/\/chiidaspa.com\/forum\/wp-json\/wp\/v2\/posts\/14681\/revisions"}],"wp:attachment":[{"href":"http:\/\/chiidaspa.com\/forum\/wp-json\/wp\/v2\/media?parent=14681"}],"wp:term":[{"taxonomy":"category","embeddable":true,"href":"http:\/\/chiidaspa.com\/forum\/wp-json\/wp\/v2\/categories?post=14681"},{"taxonomy":"post_tag","embeddable":true,"href":"http:\/\/chiidaspa.com\/forum\/wp-json\/wp\/v2\/tags?post=14681"}],"curies":[{"name":"wp","href":"https:\/\/api.w.org\/{rel}","templated":true}]}}