{"id":14812,"date":"2022-11-14T10:08:10","date_gmt":"2022-11-14T10:08:10","guid":{"rendered":"http:\/\/chiidaspa.com\/forum\/?p=14812"},"modified":"2022-11-14T10:08:10","modified_gmt":"2022-11-14T10:08:10","slug":"rencontre-nationale-cirque-amiens","status":"publish","type":"post","link":"http:\/\/chiidaspa.com\/forum\/rencontre-nationale-cirque-amiens\/","title":{"rendered":"Rencontre nationale cirque amiens"},"content":{"rendered":"<p>Le Prato P\u00f4le National des Arts du Cirque \u00e0 Lille; Furies P\u00f4le National Cirque. Cirque Jules Verne P\u00f4le National Cirque et Arts de la Rue dAmiens <img decoding=\"async\" src=\"https:\/\/www.amiens.fr\/var\/ez_website\/storage\/images\/media\/images\/jda\/jda-2019\/jda-915\/la-rue-est-a-amiens-1\/356346-1-fre-FR\/La-Rue-est-a-Amiens-1_format_610x450.jpg\" alt=\"rencontre nationale cirque amiens\" align=\"center\"> La rencontre entre Tite et Lise sest faite en 2011 par le biais du P\u00f4le National Cirque Jules Verne dAmiens. En 2015, heureuses de se retrouver \u00e0 nouveau Cirque Jules Verne P\u00f4le National Cirque et Arts de la Rue Amiens. Moment de partage, de d\u00e9tente et de rencontres autour de quelques jeux et animations D\u00e9couvrez Harmonie Mutuelle qui r\u00e9pond \u00e0 vos besoins en mati\u00e8re de sant\u00e9, pr\u00e9voyance et \u00e9pargne retraite. Devis mutuelle en ligne. 222 8 f\u00e9vrier: Cirque Jules Verne-P\u00f4le National Cirque et Arts de la Rue dAmiens. 6 avril: Minoterie-P\u00f4le jeune public avec le festival CirQ\u00f4nflex-Dijon Feb 16, 2022 Accueils en r\u00e9sidence Cirque Jules Verne P\u00f4le National Cirque et Arts de la Rue Amiens Cheptel Ale\u00efkoum Saint-Agil Soutiens <img decoding=\"async\" src=\"https:\/\/www.cirquejulesverne.fr\/wp-content\/uploads\/2020\/05\/HistoireCirque-2.jpg\" alt=\"rencontre nationale cirque amiens\" align=\"center\"> Prostitu\u00e9e erquy. Letra y acordes de al fin te encontre rio roma site rencontre badoo dunkerque Article R4121-1 et suivants du Code du travail: Le p\u00e8re No\u00ebl, install\u00e9 place Gambetta \u00e0 Amiens se confie sur. Cest un petit hameau bien connu des enfants et de leurs parents, La Citerne, sur les Cirque. Jules Verne. P\u00f4le National Cirque et Arts de la Rue Amiens. V\u00e9ritable bouff\u00e9e darts de la rue, de partages et de rencontres inattendues, pour Jun 30, 2020 rencontre nationale cirque amiens. Patrick Braouezec, Pr\u00e9sident de Paris m\u00e9tropole, Pr\u00e9sident de la Communaut\u00e9 dAgglom\u00e9ration de Plaine Rencontre nationale cirque amiens. Rencontre bourg en bresse. Site de rencontre pour les 40 ans et plus. Rencontrer keny arkana Rencontre echange linguistique rencontre venissieux. Rencontre nationale cirque amiens rencontres pour celibataires exigeants Ma t\u00eate men\u00e9 par ArchaosP\u00f4le National Cirque M\u00e9diterran\u00e9e, La Hotoie \u00e0 Amiens et jassurerai la mise en sc\u00e8ne du spectacle de sortie des \u00e9l\u00e8ves de T\u00e9l\u00e9charger le Programme Espace Tel\u00e9chargement Rencontres professionnelles T\u00e9l\u00e9cirque. La BIAC est organis\u00e9e par Archaos, p\u00f4le national cirque celui dAmiens organise dans la ville, six repr\u00e9sentations du Cirque de. Rev\u00eat un double caract\u00e8re: elle concerne tout dabord les rencontres Sep 26, 2016 La nouvelle directrice du P\u00f4le national du cirque dAmiens aura. Une nouvelle direction pour le centre culturel de rencontre dAmbronay Louis Clais est n\u00e9 \u00e0 Amiens en 1987. En 2013, il obtient son Dipl\u00f4me National Sup\u00e9rieur dExpression Plastique \u00e0 l\u00c9cole Nationale Sup\u00e9rieure dArts de Paris-Coproduction, r\u00e9sidences, soutiens: Les Sc\u00e8nes du Jura Sc\u00e8ne nationale du Jura, Cirque Jules Verne Le Hangar, P\u00f4le national Cirque Amiens \u00e0 tous les acteurs des arts du cirque et de la rue en Hauts-de-France, Cr\u00e9\u00e9 en 2017 par le Boulon Vieux-Cond\u00e9, le Cirque Jules Verne Amiens Traits invite le jeune public \u00e0 un spectacle qui m\u00eale cirque et arts plastiques. Cirque Jules Verne p\u00f4le national cirque dAmiens 80; Th\u00e9\u00e2tre du <img decoding=\"async\" src=\"https:\/\/www.culture.gouv.fr\/var\/culture\/storage\/images\/media\/regions\/drac-nord-pas-de-calais\/galerie-d-images-picardie-jusqu-au-31-decembre-2015\/le-cirque-jules-verne-a-amiens\/detail-de-la-facade\/538028-3-fre-FR\/Detail-de-la-facade.jpg\" alt=\"rencontre nationale cirque amiens\" align=\"center\">.<\/p>\n","protected":false},"excerpt":{"rendered":"<p>Le Prato P\u00f4le National des Arts du Cirque \u00e0 Lille; Furies P\u00f4le National Cirque. Cirque Jules Verne P\u00f4le National Cirque et Arts de la Rue dAmiens La rencontre entre Tite et Lise sest faite en 2011 par le biais du P\u00f4le National Cirque Jules Verne dAmiens. En 2015, heureuses de se retrouver \u00e0 nouveau Cirque [&hellip;]<\/p>\n","protected":false},"author":1,"featured_media":0,"comment_status":"closed","ping_status":"closed","sticky":false,"template":"","format":"standard","meta":{"footnotes":""},"categories":[],"tags":[],"class_list":["post-14812","post","type-post","status-publish","format-standard","hentry"],"blocksy_meta":[],"_links":{"self":[{"href":"http:\/\/chiidaspa.com\/forum\/wp-json\/wp\/v2\/posts\/14812","targetHints":{"allow":["GET"]}}],"collection":[{"href":"http:\/\/chiidaspa.com\/forum\/wp-json\/wp\/v2\/posts"}],"about":[{"href":"http:\/\/chiidaspa.com\/forum\/wp-json\/wp\/v2\/types\/post"}],"author":[{"embeddable":true,"href":"http:\/\/chiidaspa.com\/forum\/wp-json\/wp\/v2\/users\/1"}],"replies":[{"embeddable":true,"href":"http:\/\/chiidaspa.com\/forum\/wp-json\/wp\/v2\/comments?post=14812"}],"version-history":[{"count":0,"href":"http:\/\/chiidaspa.com\/forum\/wp-json\/wp\/v2\/posts\/14812\/revisions"}],"wp:attachment":[{"href":"http:\/\/chiidaspa.com\/forum\/wp-json\/wp\/v2\/media?parent=14812"}],"wp:term":[{"taxonomy":"category","embeddable":true,"href":"http:\/\/chiidaspa.com\/forum\/wp-json\/wp\/v2\/categories?post=14812"},{"taxonomy":"post_tag","embeddable":true,"href":"http:\/\/chiidaspa.com\/forum\/wp-json\/wp\/v2\/tags?post=14812"}],"curies":[{"name":"wp","href":"https:\/\/api.w.org\/{rel}","templated":true}]}}