{"id":14977,"date":"2022-11-14T10:23:16","date_gmt":"2022-11-14T10:23:16","guid":{"rendered":"http:\/\/chiidaspa.com\/forum\/?p=14977"},"modified":"2022-11-14T10:23:16","modified_gmt":"2022-11-14T10:23:16","slug":"les-rencontres-de-la-photographie-2013","status":"publish","type":"post","link":"http:\/\/chiidaspa.com\/forum\/les-rencontres-de-la-photographie-2013\/","title":{"rendered":"Les rencontres de la photographie 2013"},"content":{"rendered":"<p>23 septembre 2013 Dans archives num\u00e9ris\u00e9es Par Marcelis Bernard. Belle de Mai, Marseille 6 juillet 29 septembre 2013 Rencontres de la photographie <img decoding=\"async\" src=\"https:\/\/www.artistescontemporains.org\/ac\/wp-content\/uploads\/rencontres-d-arles-photographie14.jpg\" alt=\"les rencontres de la photographie 2013\" align=\"left\"> Les Rencontres de la photographie, ArlesAGECIF. Voir plus. Voir moins. Graphique Association Marseille-Provence 2013, Capitale Europ\u00e9enne de la Culture Les Rencontres dArles, 44e \u00e9dition: photographie: semaine douverture du 1 au 7 juillet, expositions jusquau 22 septembre, \u00e9ducation et stages design Feb 23, 2020. ARLES 2020 J-18 Annonce le 13 mars sur les r\u00e9seaux sociaux et le site internet du festival. Photo: Jean-Claude Haelterman. Arles, 2013 Jul 2, 2021 Du 4 juillet au 26 septembre 2021 se d\u00e9rouleront les Rencontres de la Photographie \u00e0 Arles. D\u00e9couvrez les artistes et temps forts \u00e0 ne pas May 11, 2020 Festival-Photographie. Est une question r\u00e9currente pour les Rencontres, rappelait Lucien Clergue en d\u00e9cembre 2013 au Journal des Arts Nov 17, 2019 2013. Les Rencontres internationales de la photographie RIP dArles sont devenues une institution du paysage culturel fran\u00e7ais depuis 11 hours ago Itsembatsemba 1996 LAveu 2004 Absences 2013. Dans Itsembatsemba, Alexis Cordesse photographie lapr\u00e8s g\u00e9nocide : exhumations <img decoding=\"async\" src=\"https:\/\/www.rencontres-arles.com\/files\/exhibition_thumbnail_471.jpg\" alt=\"les rencontres de la photographie 2013\" align=\"right\"> 2 days ago Rencontre avec Fanch, ornithologue naturaliste dOuessant. Centre Atlantique de la Photographie CAP 20 Centre de Recherche Bretonne Jul 1, 2016 La R\u00e9sidence BMW et les Rencontres de la Photographie, Arles. 5 ans de R\u00e9sidence BMW. Mazaccio Drowilal, Laur\u00e9ats 2013: Wild Style Les rencontres de la photographie dArles. 1 juillet 2013. De lexposition des images comme des oiseaux, dans le cadre de Marseille-Provence 2013, ENSP <img decoding=\"async\" src=\"https:\/\/dyw7ncnq1en5l.cloudfront.net\/focus\/articles\/1714\/vignette-arles2013.png\" alt=\"les rencontres de la photographie 2013\" align=\"right\"> Apr 6, 2019 Le c\u00e9l\u00e8bre rendez-vous photographique de la ville de Niort c\u00e9l\u00e8bre. Dart contemporain photographique Villa P\u00e9rochon inaugur\u00e9 en 2013 D\u00e9couvrez sur decitre. Fr Les rencontres Arles photographie 2013-Arles in black par Jean-No\u00ebl Jeanneney-\u00c9diteur Actes Sud-Librairie Decitre Jul 6, 2016 Africa Pop aux Rencontres de la photographie dArles. Antoine Temp\u00e9, Blow Up, Dakar, 2013, projet re-Mixing Hollywood Sep 22, 2013. Durant tout l\u00e9t\u00e9, se tiennent les Rencontres dArles. Ann\u00e9e 2013 Culture et soci\u00e9t\u00e9 Rencontres de la photographie \u00e0 Arles 1. 07 Sep 24, 2019 Cet \u00e9v\u00e9nement, organis\u00e9 par Diaphane p\u00f4le photographique en. Lors des Rencontres en 2012, puis D\u00e9voniennes \u00e0 New Richmond en 2013 Jul 5, 2021 Le nouveau directeur des Rencontres dArles, Christoph Wiesner, photographi\u00e9 devant les ar\u00e8nes de la ville, 10 juin 2021 Apr 29, 2013 Rencontres internationales de la jeune photographie 2013 Niort. Avec ferveur et \u00e9nergie, les Rencontres de la jeune photographie May 10, 2019 Entretien avec Sam Stourdz\u00e9 qui dirige les Rencontres de la photographie dArles depuis 5 ans. Il revient pour France. Fr sur lhistoire du 44e Rencontres Internationales de la Photographie. Collectif Auteur Arles in black Paru le 3 juillet 2013 Catalogue dexposition broch\u00e9 Son oeuvre est affich\u00e9e jusquau 22 septembre dans Les rencontres dArles. Publi\u00e9 le 07-08-2013 \u00e0 14: 32.<\/p>\n","protected":false},"excerpt":{"rendered":"<p>23 septembre 2013 Dans archives num\u00e9ris\u00e9es Par Marcelis Bernard. Belle de Mai, Marseille 6 juillet 29 septembre 2013 Rencontres de la photographie Les Rencontres de la photographie, ArlesAGECIF. Voir plus. Voir moins. Graphique Association Marseille-Provence 2013, Capitale Europ\u00e9enne de la Culture Les Rencontres dArles, 44e \u00e9dition: photographie: semaine douverture du 1 au 7 juillet, expositions [&hellip;]<\/p>\n","protected":false},"author":1,"featured_media":0,"comment_status":"closed","ping_status":"closed","sticky":false,"template":"","format":"standard","meta":{"footnotes":""},"categories":[],"tags":[],"class_list":["post-14977","post","type-post","status-publish","format-standard","hentry"],"blocksy_meta":{"styles_descriptor":{"styles":{"desktop":"","tablet":"","mobile":""},"google_fonts":[],"version":6}},"_links":{"self":[{"href":"http:\/\/chiidaspa.com\/forum\/wp-json\/wp\/v2\/posts\/14977","targetHints":{"allow":["GET"]}}],"collection":[{"href":"http:\/\/chiidaspa.com\/forum\/wp-json\/wp\/v2\/posts"}],"about":[{"href":"http:\/\/chiidaspa.com\/forum\/wp-json\/wp\/v2\/types\/post"}],"author":[{"embeddable":true,"href":"http:\/\/chiidaspa.com\/forum\/wp-json\/wp\/v2\/users\/1"}],"replies":[{"embeddable":true,"href":"http:\/\/chiidaspa.com\/forum\/wp-json\/wp\/v2\/comments?post=14977"}],"version-history":[{"count":0,"href":"http:\/\/chiidaspa.com\/forum\/wp-json\/wp\/v2\/posts\/14977\/revisions"}],"wp:attachment":[{"href":"http:\/\/chiidaspa.com\/forum\/wp-json\/wp\/v2\/media?parent=14977"}],"wp:term":[{"taxonomy":"category","embeddable":true,"href":"http:\/\/chiidaspa.com\/forum\/wp-json\/wp\/v2\/categories?post=14977"},{"taxonomy":"post_tag","embeddable":true,"href":"http:\/\/chiidaspa.com\/forum\/wp-json\/wp\/v2\/tags?post=14977"}],"curies":[{"name":"wp","href":"https:\/\/api.w.org\/{rel}","templated":true}]}}