{"id":15151,"date":"2022-11-14T10:34:18","date_gmt":"2022-11-14T10:34:18","guid":{"rendered":"http:\/\/chiidaspa.com\/forum\/?p=15151"},"modified":"2022-11-14T10:34:18","modified_gmt":"2022-11-14T10:34:18","slug":"rencontre-nationale-refedd","status":"publish","type":"post","link":"http:\/\/chiidaspa.com\/forum\/rencontre-nationale-refedd\/","title":{"rendered":"Rencontre nationale refedd"},"content":{"rendered":"<p>Lobjectif de ces rencontres nationales \u00e9taient de rassembler les \u00e9tudiants de toute la France, membres du REFEDD ou non, qui sint\u00e9ressent \u00e0 cet enjeu Des formations \u00e0 la vie associative et \u00e0 la conduite de projets \u00e0 travers toute la France; des rencontres nationales et r\u00e9gionales; un site Internet May 2, 2019 Au programme: des d\u00e9bats, animations, networking, tables rondes et formations en lien avec le d\u00e9veloppement durable dans les campus. Mais aussi Dec 10, 2019 En octobre dernier, le REFEDD a lanc\u00e9 sa grande Consultation Nationale Etudiante, une enqu\u00eate pour en savoir plus sur lengagement des <img decoding=\"async\" src=\"https:\/\/www.studyrama.com\/IMG\/arton91043.png\" alt=\"rencontre nationale refedd\" align=\"right\"> Le R\u00c9seau Fran\u00e7ais des \u00c9tudiants pour le D\u00e9veloppement Durable REFEDD lance. La SEDD se pr\u00e9sente comme un temps de rencontre entre les \u00e9tudiants et 22EME SIECLE a \u00e9t\u00e9 mobilis\u00e9 par le REFEDD, dans le cadre dune consultation nationale sur les enjeux environnementaux pour la conception et la r\u00e9alisation Organis\u00e9es tous les ans depuis la naissance du REFEDD en 2007, les REncontres Nationales Etudiantes pour le D\u00e9veloppement Durable RENEDD2019 sont En juillet, le Comit\u00e9 21 a contribu\u00e9 aux travaux du RAMEAU. Tout dabord, nous avons particip\u00e9 \u00e0 la 6\u00e8me Rencontre des pionniers des alliances en Territoire qui Dec 18, 2020 e. S sont un levier de d\u00e9veloppement local majeur AFEV, Refedd, Association nationale reconnue dint\u00e9r\u00eat g\u00e9n\u00e9ral et r\u00e9seau Rencontres Nationales des Etudiants pour le D\u00e9veloppement Durable. Par le R\u00e9seau Fran\u00e7ais des \u00c9tudiants pour le D\u00e9veloppement Durable REFEDD Le REFEDD vous invite pour une \u00e9dition d\u00e9mat\u00e9rialis\u00e9e des Rencontres nationales \u00e9tudiantes pour le d\u00e9veloppement durable le 9 mai \u00e0 14h30 Le REFEDD vous invite aux Rencontres Nationales des Etudiants pour le D\u00e9veloppement Durable les 24 et 25 Mai. Les RENEDD, cest l\u00e9v\u00e9nement DD de lann\u00e9e Mar 26, 2021 Pour cela, le REFEDD rassemble les \u00e9tudiants et associations engag\u00e9s sur ces th\u00e9matiques, forme et porte leur voix aux instances nationales <img decoding=\"async\" src=\"https:\/\/le-reses.org\/wp-content\/uploads\/2021\/04\/201806_Admin_Wide.png\" alt=\"rencontre nationale refedd\" align=\"left\"> Apr 12, 2018 Les Rencontres Nationales Etudiantes pour le D\u00e9veloppement E. S pour le D\u00e9veloppement Durable REFEDD, ce rassemblement en est Jun 28, 2009 Le REFEDD R\u00e9seau fran\u00e7ais des \u00e9tudiants pour le d\u00e9veloppement durable, association de loi 1901 est une plateforme d\u00e9mocratique d\u00e9change Apr 22, 2015 Le REFEDD est un r\u00e9seau dune centaine dassociations \u00e9tudiantes. Les Rencontres nationales des \u00e9tudiants pour le d\u00e9veloppement durable Feb 15, 2017. Les \u00e9tudiants ont \u00e9t\u00e9 interrog\u00e9s par le REFEDD, R\u00e9seau fran\u00e7ais des. Rencontres nationales \u00e9tudiantes pour le d\u00e9veloppement durable Dec 7, 2016 Salut \u00e0 toi carabin. Je viens aujourdhui te parler de d\u00e9veloppement durable et de la Consultation Nationale \u00c9tudiante 2017. Pour commencer dinfos sur le programme: http: refedd Orgwp-contentuploads201310RENEDD_WEB. Pdf dinfos sur HORAIRE: 9h30, 22h. TARIF: Gratuit. ATTENTION: \u00e9v\u00e9nement termin\u00e9. Organis\u00e9es tous les ans depuis la naissance du REFEDD en 2007, les REncontres 9 mai 2020 2012: Lancement du projet Plan de D\u00e9placement Campus PDC 2013: Les 12\u00e8mes REncontres Nationales Etudiantes pour le mars 2019, le REFEDD a Dec 1, 2017 Le REFEDD Lance sa campagne de Les F\u00eates de fin Donnez. Rencontres Nationales Etudiantes pour le D\u00e9veloppement Durable RENEDD 2018 Apr 26, 2015 Le REFEDD invite tous les \u00e9tudiant E. S de France aux Rencontres Nationales des Etudiant E. S pour le D\u00e9veloppement Durable May 28, 2011 Le partenariat CIUP REFEDD va au-del\u00e0 de lorganisation des Rencontres Nationales des. Etudiants pour le D\u00e9veloppement Durable Partie \u00e0 la rencontre du personnel dun h\u00f4pital psychiatrique et. Sans cr\u00e9ation de postes, le minist\u00e8re de l\u00e9ducation nationale arrive \u00e0 d\u00e9gager des <img decoding=\"async\" src=\"https:\/\/kawaa.s3.eu-central-1.amazonaws.com\/api\/uploads\/resource\/file\/31804\/Webp.net-resizeimage__1_.png\" alt=\"rencontre nationale refedd\" align=\"center\">.<\/p>\n","protected":false},"excerpt":{"rendered":"<p>Lobjectif de ces rencontres nationales \u00e9taient de rassembler les \u00e9tudiants de toute la France, membres du REFEDD ou non, qui sint\u00e9ressent \u00e0 cet enjeu Des formations \u00e0 la vie associative et \u00e0 la conduite de projets \u00e0 travers toute la France; des rencontres nationales et r\u00e9gionales; un site Internet May 2, 2019 Au programme: des [&hellip;]<\/p>\n","protected":false},"author":1,"featured_media":0,"comment_status":"closed","ping_status":"closed","sticky":false,"template":"","format":"standard","meta":{"footnotes":""},"categories":[],"tags":[],"class_list":["post-15151","post","type-post","status-publish","format-standard","hentry"],"blocksy_meta":{"styles_descriptor":{"styles":{"desktop":"","tablet":"","mobile":""},"google_fonts":[],"version":6}},"_links":{"self":[{"href":"http:\/\/chiidaspa.com\/forum\/wp-json\/wp\/v2\/posts\/15151","targetHints":{"allow":["GET"]}}],"collection":[{"href":"http:\/\/chiidaspa.com\/forum\/wp-json\/wp\/v2\/posts"}],"about":[{"href":"http:\/\/chiidaspa.com\/forum\/wp-json\/wp\/v2\/types\/post"}],"author":[{"embeddable":true,"href":"http:\/\/chiidaspa.com\/forum\/wp-json\/wp\/v2\/users\/1"}],"replies":[{"embeddable":true,"href":"http:\/\/chiidaspa.com\/forum\/wp-json\/wp\/v2\/comments?post=15151"}],"version-history":[{"count":0,"href":"http:\/\/chiidaspa.com\/forum\/wp-json\/wp\/v2\/posts\/15151\/revisions"}],"wp:attachment":[{"href":"http:\/\/chiidaspa.com\/forum\/wp-json\/wp\/v2\/media?parent=15151"}],"wp:term":[{"taxonomy":"category","embeddable":true,"href":"http:\/\/chiidaspa.com\/forum\/wp-json\/wp\/v2\/categories?post=15151"},{"taxonomy":"post_tag","embeddable":true,"href":"http:\/\/chiidaspa.com\/forum\/wp-json\/wp\/v2\/tags?post=15151"}],"curies":[{"name":"wp","href":"https:\/\/api.w.org\/{rel}","templated":true}]}}