{"id":15210,"date":"2022-11-14T10:37:37","date_gmt":"2022-11-14T10:37:37","guid":{"rendered":"http:\/\/chiidaspa.com\/forum\/?p=15210"},"modified":"2022-11-14T10:37:37","modified_gmt":"2022-11-14T10:37:37","slug":"rencontres-ecrivains","status":"publish","type":"post","link":"http:\/\/chiidaspa.com\/forum\/rencontres-ecrivains\/","title":{"rendered":"Rencontres ecrivains"},"content":{"rendered":"<p>Rencontre avec deux \u00e9crivaines slovaques et leurs \u00e9diteurs aquitains. Le 5 avril 2019 Rencontre. Mis \u00e0 jour le 2 avril 2019 Les rencontres d\u00e9crivaines et d\u00e9crivains du CRILCQ 2020-2021: Litt\u00e9ratures de combat. Les rencontres d\u00e9crivain E. S du CRILCQ cherchent \u00e0 faire <img decoding=\"async\" src=\"https:\/\/cdn-s-www.dna.fr\/images\/D1B80307-CE6F-4BEF-9259-85B4A4FB0C3F\/NW_raw\/clotilde-perrin-dedicace-l-anthologie-realisee-par-les-eleves-photo-dna-a-t-1580499042.jpg\" alt=\"rencontres ecrivains\" align=\"center\"> 3 days ago Les 11 rencontres de quartiers se sont d\u00e9roul\u00e9es du 15 novembre au 8 d\u00e9cembre et ont permis aux habitants et \u00e9lus d\u00e9changer sur les projets <img decoding=\"async\" src=\"https:\/\/www.editionsparole.fr\/siteinteractifparoleeditions\/wp-content\/uploads\/2021\/06\/Ecrivains-du-sud-NAHON-250621-1024x1024.jpg\" alt=\"rencontres ecrivains\" align=\"left\"> Nov 20, 2021 L\u00e9v\u00e9nement \u00c9crivains en Gr\u00e9sivaudan sach\u00e8ve ce dimanche 21 novembre sur le territoire. Retour sur deux rencontres qui ont marqu\u00e9 la Apr 18, 2015 Samedi 18 avril 2015, 14h, Op\u00e9ra de Rouen Rencontres organis\u00e9es par Sandra Glatigny et Yvan Leclerc Centre Flaubert du C\u00c9R\u00c9dI Oct 22, 2021 Carcassonne: rencontres avec les \u00e9crivains Marcel Cohen et G\u00e9rard Mac\u00e9 \u00e0 la Maison des m\u00e9moires les 29 et 30 octobre Sep 2, 2018 Cette journ\u00e9e sera d\u00e9di\u00e9e aux malvoyants. Rencontres et d\u00e9dicaces avec les \u00e9crivains, exposition sur Louis Braille et ab\u00e9c\u00e9daires, pr\u00e9sentation 5 days ago Les \u00e9crivains sont \u00e0 lhonneur dans les expositions cet hiver. La maison de Balzac consacre une exposition \u00e0 lun des romans les plus May 16, 2021 Un prix, quinze rencontres, onze \u00e9crivains et plus dune centaine d\u00e9l\u00e8ves. Apr\u00e8s leur annulation en 2020, les Rencontres litt\u00e9raires auront Rencontre avec Alberto Manguel, \u00e9crivain-lecteur publi\u00e9 le 09112021. Des anciens \u00e9l\u00e8ves de la classe de 12 du lyc\u00e9e Guy Chauvet, accompagn\u00e9s par Mmes Au gr\u00e9 des rencontres que nous avons depuis le d\u00e9part propos\u00e9, dans tous les. Une convivialit\u00e9 qui d\u00e9fini les valeurs de la marque du Th\u00e9 des \u00c9crivains 5 days ago Sandrine Mehrez Kukurudz, fondatrice de Rencontre des Auteurs. La plateforme qui pr\u00e9sente les \u00e9crivains en langue fran\u00e7aise des USA Magazine Linvit\u00e9. 7 jours sur 7 Patrick Simonin rencontre les artistes, les \u00e9crivains, les acteurs et tous ceux qui font vibrer notre \u00e9poque La plateforme de rencontres Auteurs Producteurs de La Maison des Sc\u00e9naristes. D\u00e9couvrez ici les meilleurs projets de long-m\u00e9trage, de s\u00e9ries et de court dArtois 26-27 mars Rencontres ant\u00e9rieures L\u00c9crivain commissaire. Bien que les rapports des \u00e9crivains avec lart Diderot et les Salons au Jacques Attali: actualit\u00e9, \u00e9ditos, vid\u00e9os, ouvrages et interventions publiques Oct 22, 2021 Selon Vah\u00e9 Godel, Editart est une sorte de laboratoire international o\u00f9 peintres, \u00e9crivains et imprimeurs \u00e9chafaudent des entreprises Mar 5, 2020 Apr\u00e8s avoir rencontr\u00e9 au lyc\u00e9e Hoai Huong Nguyen, auteur du roman LOmbre Douce quelques \u00e9l\u00e8ves de 2nd3 liront \u00e0 voix haute des passages du Oct 22, 2021 Patrick Chamoiseau, \u00e9crivain martiniquais, gagnant du Prix Goncourt en 1992 pour son roman Texaco, est actuellement en r\u00e9sidence au Mus\u00e9e <img decoding=\"async\" src=\"https:\/\/cdn-s-www.ledauphine.com\/images\/72F2B9CC-9541-486E-8207-EB649507153C\/NW_raw\/mahmud-nasimi-etait-au-centre-socioculturel-de-brignoud-jeudi-1637438339.jpg\" alt=\"rencontres ecrivains\" align=\"right\"> Jan 31, 2020 en partenariat avec la DRAC Grand Est. L\u00e9crivain Fabien Arca \u00e0 la rencontre des \u00e9l\u00e8ves de CM2 de l\u00e9cole Jean-Racine pour partager et Lectrice et amoureuse des Alpes de Haute Provence, janime ce blog sur les \u00e9crivains, les livres et l\u00e9criture, pour faire d\u00e9couvrir ce beau d\u00e9partement.<\/p>\n","protected":false},"excerpt":{"rendered":"<p>Rencontre avec deux \u00e9crivaines slovaques et leurs \u00e9diteurs aquitains. Le 5 avril 2019 Rencontre. Mis \u00e0 jour le 2 avril 2019 Les rencontres d\u00e9crivaines et d\u00e9crivains du CRILCQ 2020-2021: Litt\u00e9ratures de combat. Les rencontres d\u00e9crivain E. S du CRILCQ cherchent \u00e0 faire 3 days ago Les 11 rencontres de quartiers se sont d\u00e9roul\u00e9es du 15 [&hellip;]<\/p>\n","protected":false},"author":1,"featured_media":0,"comment_status":"closed","ping_status":"closed","sticky":false,"template":"","format":"standard","meta":{"footnotes":""},"categories":[],"tags":[],"class_list":["post-15210","post","type-post","status-publish","format-standard","hentry"],"blocksy_meta":[],"_links":{"self":[{"href":"http:\/\/chiidaspa.com\/forum\/wp-json\/wp\/v2\/posts\/15210","targetHints":{"allow":["GET"]}}],"collection":[{"href":"http:\/\/chiidaspa.com\/forum\/wp-json\/wp\/v2\/posts"}],"about":[{"href":"http:\/\/chiidaspa.com\/forum\/wp-json\/wp\/v2\/types\/post"}],"author":[{"embeddable":true,"href":"http:\/\/chiidaspa.com\/forum\/wp-json\/wp\/v2\/users\/1"}],"replies":[{"embeddable":true,"href":"http:\/\/chiidaspa.com\/forum\/wp-json\/wp\/v2\/comments?post=15210"}],"version-history":[{"count":0,"href":"http:\/\/chiidaspa.com\/forum\/wp-json\/wp\/v2\/posts\/15210\/revisions"}],"wp:attachment":[{"href":"http:\/\/chiidaspa.com\/forum\/wp-json\/wp\/v2\/media?parent=15210"}],"wp:term":[{"taxonomy":"category","embeddable":true,"href":"http:\/\/chiidaspa.com\/forum\/wp-json\/wp\/v2\/categories?post=15210"},{"taxonomy":"post_tag","embeddable":true,"href":"http:\/\/chiidaspa.com\/forum\/wp-json\/wp\/v2\/tags?post=15210"}],"curies":[{"name":"wp","href":"https:\/\/api.w.org\/{rel}","templated":true}]}}