{"id":15287,"date":"2022-11-14T10:42:41","date_gmt":"2022-11-14T10:42:41","guid":{"rendered":"http:\/\/chiidaspa.com\/forum\/?p=15287"},"modified":"2022-11-14T10:42:41","modified_gmt":"2022-11-14T10:42:41","slug":"rencontre-intergenerationnelle","status":"publish","type":"post","link":"http:\/\/chiidaspa.com\/forum\/rencontre-intergenerationnelle\/","title":{"rendered":"Rencontre interg\u00e9n\u00e9rationnelle"},"content":{"rendered":"<p>Rencontre interg\u00e9n\u00e9rationnelle. Le Conseil Municipal dEnfants a partag\u00e9 un moment convivial avec les S\u00e9niors. Eva, Charline, Evy, Pauline, Alan, Eliott Nov 19, 2021 Article paru suite \u00e0 la rencontre interg\u00e9n\u00e9rationnelle \u00e0 la Biblioth\u00e8que de Ruill\u00e9 sur le Loir Dans le cadre de portraits sensibles May 26, 2014 Lundi 12 mai, de 13 h 30 \u00e0 16 h 30, 13 \u00e9l\u00e8ves Contres-Rencontre Ehpad et Lyc\u00e9e Boissay de 1\u00e8re Bac Pro accompagn\u00e9s de trois enseignantes Jan 23, 2019 Le Relais Accueil Petite Enfance organise r\u00e9guli\u00e8rement des animations avec les communes, les m\u00e9diath\u00e8ques et les cr\u00e8ches du Pays des. Fri, Dec 31 Rencontre interg\u00e9n\u00e9rationnelle: Comment organiser des \u00e9v\u00e9nements interg\u00e9n\u00e9rationnels. Le vieillissement de la population et les g\u00e9n\u00e9rations qui se Archives de tags: Rencontre interg\u00e9n\u00e9rationnelle. Saint-Herblain 44. Printemps des g\u00e9n\u00e9rations 2018. Mercredi 11 avril, la r\u00e9sidence services seniors 3 days ago Les 11 rencontres de quartiers se sont d\u00e9roul\u00e9es du 15 novembre au 8 d\u00e9cembre et ont permis aux habitants et \u00e9lus d\u00e9changer sur les projets <img decoding=\"async\" src=\"https:\/\/ccpp06.fr\/wp-content\/uploads\/2019\/01\/9.jpg\" alt=\"rencontre interg\u00e9n\u00e9rationnelle\" align=\"right\"> <img decoding=\"async\" src=\"https:\/\/cdn-s-www.ledauphine.com\/images\/E6A31376-3B7D-490C-8F33-7EF9EFB868DC\/NW_raw\/une-rencontre-intergenerationnelle-entre-les-jeunes-de-l-accueil-de-loisirs-du-centre-social-rural-emile-meurier-et-les-residents-de-l-ehpad-ouleta-1394641101.jpg\" alt=\"rencontre interg\u00e9n\u00e9rationnelle\" align=\"left\"> 18 enfants de lAccueil de Loisirs, accompagn\u00e9s de leurs animateurs, et 10 seniors de la Maison Partag\u00e9e ont pass\u00e9 un moment d\u00e9changes et de partage convivial Rencontre interg\u00e9n\u00e9rationnelle \u00e0 la M\u00e9diath\u00e8que. Dans le cadre de la semaine nationale des personnes \u00e2g\u00e9es, la m\u00e9diath\u00e8que dEtaples en collaboration avec <img decoding=\"async\" src=\"https:\/\/cdn-s-www.lalsace.fr\/images\/7564DAEA-0C5C-403C-B82B-AF34ABF0C722\/NW_raw\/dr-1549299337.jpg\" alt=\"rencontre interg\u00e9n\u00e9rationnelle\" align=\"left\"> Jan 21, 2019 Rencontre interg\u00e9n\u00e9rationnelle \u00e0 Saint-Pierre et Miquelon. Quand la cr\u00e8che sinvite chez les retrait\u00e9s. A la veille dHalloween, les a\u00een\u00e9s du Dec 18, 2019 Les enfants du centre de loisirs sont venus offrir un spectacle et des cadeaux aux r\u00e9sidents. En retour, ils ont re\u00e7u des chocolats Jul 23, 2016 Le 7 juin, la derni\u00e8re rencontre interg\u00e9n\u00e9rationnelle de lann\u00e9e scolaire entre lEHPAD Pension les Oliviers et l\u00e9cole des Moulins Les personnes \u00e2g\u00e9es et les enfants ont pr\u00e9alablement \u00e0 la rencontre, \u00e9chang\u00e9 des lettres pour faire connaissance. De leur c\u00f4t\u00e9, les enfants ont pr\u00e9par\u00e9 des Nov 17, 2016 Rencontre interg\u00e9n\u00e9rationnelle. Mercredi 16 novembre des jeunes inscrits \u00e0 latelier Jeux dici jeux dailleurs sont all\u00e9s rencontrer des De tr\u00e8s nombreux exemples de phrases traduites contenant rencontre interg\u00e9n\u00e9rationnelle Dictionnaire anglais-fran\u00e7ais et moteur de recherche de Jun 28, 2018 Rencontre interg\u00e9n\u00e9rationnelle-Les Jardins M\u00e9dicis Aubergenville. Le 26 mai 2018, pour cl\u00f4turer le projet interg\u00e9n\u00e9rationnel avec Rencontre interg\u00e9n\u00e9rationnelle autour de la pomme. Lobjectif de cette animation est de favoriser le lien interg\u00e9n\u00e9rationnel et social entre les seniors et.<\/p>\n","protected":false},"excerpt":{"rendered":"<p>Rencontre interg\u00e9n\u00e9rationnelle. Le Conseil Municipal dEnfants a partag\u00e9 un moment convivial avec les S\u00e9niors. Eva, Charline, Evy, Pauline, Alan, Eliott Nov 19, 2021 Article paru suite \u00e0 la rencontre interg\u00e9n\u00e9rationnelle \u00e0 la Biblioth\u00e8que de Ruill\u00e9 sur le Loir Dans le cadre de portraits sensibles May 26, 2014 Lundi 12 mai, de 13 h 30 \u00e0 [&hellip;]<\/p>\n","protected":false},"author":1,"featured_media":0,"comment_status":"closed","ping_status":"closed","sticky":false,"template":"","format":"standard","meta":{"footnotes":""},"categories":[],"tags":[],"class_list":["post-15287","post","type-post","status-publish","format-standard","hentry"],"blocksy_meta":{"styles_descriptor":{"styles":{"desktop":"","tablet":"","mobile":""},"google_fonts":[],"version":6}},"_links":{"self":[{"href":"http:\/\/chiidaspa.com\/forum\/wp-json\/wp\/v2\/posts\/15287","targetHints":{"allow":["GET"]}}],"collection":[{"href":"http:\/\/chiidaspa.com\/forum\/wp-json\/wp\/v2\/posts"}],"about":[{"href":"http:\/\/chiidaspa.com\/forum\/wp-json\/wp\/v2\/types\/post"}],"author":[{"embeddable":true,"href":"http:\/\/chiidaspa.com\/forum\/wp-json\/wp\/v2\/users\/1"}],"replies":[{"embeddable":true,"href":"http:\/\/chiidaspa.com\/forum\/wp-json\/wp\/v2\/comments?post=15287"}],"version-history":[{"count":0,"href":"http:\/\/chiidaspa.com\/forum\/wp-json\/wp\/v2\/posts\/15287\/revisions"}],"wp:attachment":[{"href":"http:\/\/chiidaspa.com\/forum\/wp-json\/wp\/v2\/media?parent=15287"}],"wp:term":[{"taxonomy":"category","embeddable":true,"href":"http:\/\/chiidaspa.com\/forum\/wp-json\/wp\/v2\/categories?post=15287"},{"taxonomy":"post_tag","embeddable":true,"href":"http:\/\/chiidaspa.com\/forum\/wp-json\/wp\/v2\/tags?post=15287"}],"curies":[{"name":"wp","href":"https:\/\/api.w.org\/{rel}","templated":true}]}}