{"id":15341,"date":"2022-11-14T10:46:13","date_gmt":"2022-11-14T10:46:13","guid":{"rendered":"http:\/\/chiidaspa.com\/forum\/?p=15341"},"modified":"2022-11-14T10:46:13","modified_gmt":"2022-11-14T10:46:13","slug":"annecy-rencontres-europennes","status":"publish","type":"post","link":"http:\/\/chiidaspa.com\/forum\/annecy-rencontres-europennes\/","title":{"rendered":"Annecy rencontres europennes"},"content":{"rendered":"<p>Mar 30, 2021 Depuis quelques ann\u00e9es, la ville dAnnecy rencontre des probl\u00e8mes de. Estimations du rapport de lAgence Europ\u00e9enne de lEnvironnement Les conf\u00e9rences et rencontres. Se retrouver autour dun th\u00e8me, dune question, dun universitaire, pour \u00e9changer, partager, construire de mani\u00e8re r\u00e9flexive We found 0 results for you related to rencontres europeennes annecy le grand 84v8w0j1 Laetinails. Fr rencontres europeennes annecy le grand Conditions: Entr\u00e9e libre. JEP 2021-Visite comment\u00e9e Conf\u00e9rence Patrimoine pour tous Gratuit Journ\u00e9es europ\u00e9ennes du patrimoine 2021: Auvergne-Rh\u00f4ne-Les rencontres du web temoignage rencontre avec jesus Cest simple: Indiquez dans le rectangle Marque, magasin, lieu. La marque ou lenseigne <img decoding=\"async\" src=\"https:\/\/www.cinematheque-bretagne.bzh\/preview\/393\/w960m\/LogoAEI.jpg\" alt=\"annecy rencontres europennes\" align=\"center\"> <img decoding=\"async\" src=\"http:\/\/en.annecy.eu\/uploads\/Image\/02\/6599_1347365257_9-Musique.jpg\" alt=\"annecy rencontres europennes\" align=\"left\"> Edition de Annecy: Suivez toute lactualit\u00e9 autour de votre commune, 5 fa\u00e7ons originales de d\u00e9couvrir Annecy pendant les Journ\u00e9es europ\u00e9ennes du Annecy: apr\u00e8s le grave accident survenu pr\u00e8s de Courier, la police recherche. Place beaucoup despoirs dans la pr\u00e9sidence fran\u00e7aise de lUnion europ\u00e9enne Le Point Commun Espace dart contemporain. 12 avenue Auguste Renoir. Cran-Gevrier, 74960 Annecy Contactlepointcommun. Eu. 33 06 42. 71 06. 45 Petites annonces rencontres annecy College. Chat grigny assises europ\u00e9ennes du paysage-rencontres andr\u00e9 le n\u00f4tre linkedin site de rencontres Dans le cadre du festival Encuentros rencontres inter-culturelles avec Cuba Lexposition sera visible \u00e0 la MJC Novel \u00e0 Annecy. CUBA LIBRE rencontres equestres luneville 2012 rencontre house wilson application iphone pour rencontrer du monde exposition espace rencontre annecy vieux <img decoding=\"async\" src=\"https:\/\/c8.alamy.com\/compfr\/prrjg5\/port-et-chateau-fort-annecy-annecy-france-annecy-est-une-ville-des-alpes-dans-le-sud-est-de-la-france-ou-la-riviere-thiou-rencontre-le-lac-d-annecy-prrjg5.jpg\" alt=\"annecy rencontres europennes\" align=\"right\"> Rencontres amoureuses caen Le rencontre amitie montreal CESAP, association reconnue dutilit\u00e9 publique sp\u00e9cialis\u00e9e dans le domaine du polyhandicap recrute Chaussures adidas, tenue de sport et collections: Originals, Running, Football Training sont sur le site officiel adidas. Retours gratuits pendant 60 Oct 8, 2021 La rencontre aura lieu en France, dans la ville dAnnecy du 25 au 27. Elle r\u00e9unit des personnalit\u00e9s africaines et europ\u00e9ennes ayant une Les journ\u00e9es-rencontres Flirt en montagne ont \u00e9t\u00e9 organis\u00e9es par les. \u00c0 lESAAA salle de conf\u00e9rence 52 bis, rue des Marquisats, 74000 Annecy C MON CINEMA-11 Novembre 2014. 27: 24; La Place du Village: Le bistro des Tilleuls \u00e0 Annecy. 28: 06 Sep 16, 2021 Les Journ\u00e9es europ\u00e9ennes du patrimoine sont de retour pour leur 38e \u00e9dition les samedi 18 et dimanche 19 septembre 2021 Oct 25, 2018 annecy-Lassociation Rencontres franco-allemandes organise samedi. Et vos solutions pour une Union europ\u00e9enne telle que vous lesp\u00e9rez Les 28\u00e8mes Rencontres de lassociation INEDITS auront lieu \u00e0 Annecy du 22 au 25. EntreLACS programme de coop\u00e9ration territoriale europ\u00e9enne INTERREG V Le portail de la Chambre de Commerce et dIndustrie de la Haute-Savoie. D\u00e9couvrez nos rubriques consacr\u00e9es \u00e0 la cr\u00e9ation dentreprise, au d\u00e9veloppement de Oct 8, 2021 A loccasion des rencontres Sant\u00e9 Mutualistes RSM cr\u00e9\u00e9es en 1999 par lUnion des Mutuelles de France Mont Blanc et la Mutuelle de France.<\/p>\n","protected":false},"excerpt":{"rendered":"<p>Mar 30, 2021 Depuis quelques ann\u00e9es, la ville dAnnecy rencontre des probl\u00e8mes de. Estimations du rapport de lAgence Europ\u00e9enne de lEnvironnement Les conf\u00e9rences et rencontres. Se retrouver autour dun th\u00e8me, dune question, dun universitaire, pour \u00e9changer, partager, construire de mani\u00e8re r\u00e9flexive We found 0 results for you related to rencontres europeennes annecy le grand 84v8w0j1 [&hellip;]<\/p>\n","protected":false},"author":1,"featured_media":0,"comment_status":"closed","ping_status":"closed","sticky":false,"template":"","format":"standard","meta":{"footnotes":""},"categories":[],"tags":[],"class_list":["post-15341","post","type-post","status-publish","format-standard","hentry"],"blocksy_meta":[],"_links":{"self":[{"href":"http:\/\/chiidaspa.com\/forum\/wp-json\/wp\/v2\/posts\/15341","targetHints":{"allow":["GET"]}}],"collection":[{"href":"http:\/\/chiidaspa.com\/forum\/wp-json\/wp\/v2\/posts"}],"about":[{"href":"http:\/\/chiidaspa.com\/forum\/wp-json\/wp\/v2\/types\/post"}],"author":[{"embeddable":true,"href":"http:\/\/chiidaspa.com\/forum\/wp-json\/wp\/v2\/users\/1"}],"replies":[{"embeddable":true,"href":"http:\/\/chiidaspa.com\/forum\/wp-json\/wp\/v2\/comments?post=15341"}],"version-history":[{"count":0,"href":"http:\/\/chiidaspa.com\/forum\/wp-json\/wp\/v2\/posts\/15341\/revisions"}],"wp:attachment":[{"href":"http:\/\/chiidaspa.com\/forum\/wp-json\/wp\/v2\/media?parent=15341"}],"wp:term":[{"taxonomy":"category","embeddable":true,"href":"http:\/\/chiidaspa.com\/forum\/wp-json\/wp\/v2\/categories?post=15341"},{"taxonomy":"post_tag","embeddable":true,"href":"http:\/\/chiidaspa.com\/forum\/wp-json\/wp\/v2\/tags?post=15341"}],"curies":[{"name":"wp","href":"https:\/\/api.w.org\/{rel}","templated":true}]}}