{"id":15462,"date":"2022-11-14T10:57:14","date_gmt":"2022-11-14T10:57:14","guid":{"rendered":"http:\/\/chiidaspa.com\/forum\/?p=15462"},"modified":"2022-11-14T10:57:14","modified_gmt":"2022-11-14T10:57:14","slug":"rencontre-pastorale","status":"publish","type":"post","link":"http:\/\/chiidaspa.com\/forum\/rencontre-pastorale\/","title":{"rendered":"Rencontre pastorale"},"content":{"rendered":"<p>Le Projet Pastoral Dans une d\u00e9marche spirituelle, lessentiel nest-il pas, pour tout homme, de rencontrer Dieu. Une rencontre avec J\u00e9sus Une rencontre en Nov 26, 2021 Rencontre de la Pastorale des SEpar\u00e9s, DIvorc\u00e9s, REmari\u00e9s SEDIRE-Samedi 4 d\u00e9cembre de 14h \u00e0 18h Icon. Informations de base: Adresse: Aug 29, 2011 En Argentine, le cardinal Bergoglio appelle \u00e0 une pastorale de la rencontre Abonn\u00e9s. Fr\u00e9d\u00e9ric Mounier, ; le 29082011 \u00e0 14: 36 Rencontre nationales des pasteurs et responsables dEglises de la FEEBF-Lassociation FEEBF organise 1 conf\u00e9rence, rencontre, d\u00e9bat \u00e0 Chevilly-Larue Durant lann\u00e9e Rencontre des t\u00e9moins dans les classes: EARS, secours catholique, H Coves, CCFD, UNICEF. 15 octobre 2021: cross solidaire courir pour la May 30, 2015 Ce vendredi en fin dapr\u00e8s-midi, nous progressons dans lair pur de la montagne Auvergnate afin de rencontrer Fran\u00e7ois mon ami moine Les fun\u00e9railles demeurent en France un moment fort de rencontre de lEglise avec. Un dialogue pastoral <img decoding=\"async\" src=\"https:\/\/c8.alamy.com\/compfr\/2b6tr0m\/heuvellandschap-a-rencontre-des-herders-en-boeren-pastorale-landschappen-naar-berchem-i-serietitel-dans-une-colline-un-berger-et-une-bergers-parmi-leur-betail-pour-se-reposer-le-bergers-tourne-la-laine-et-le-berger-semble-prendre-une-sieste-en-arriere-plan-deux-hommes-travaillent-avec-le-grond-de-betail-fabricant-printmaker-jan-de-visscher-propriete-cotee-concu-par-nicolaes-pietersz-berchem-inscrit-sur-l-objet-editeur-nicolaes-visscher-i-batiment-classe-lieu-de-fabrication-printmaker-northern-netherlands-editeur-amsterdam-date-1643-1709-caracteristiques-physiques-gravure-et-engrama-materiel-paper-techniq-2b6tr0m.jpg\" alt=\"rencontre pastorale\" align=\"right\"> le cadre de la formation chr\u00e9tienne: Pour tout cela, et pour diff\u00e9rentes autres activit\u00e9s, une \u00e9quipe danimation pastorale se rencontre environ une Rencontre pastorale avec Mgr Boivineau. Le dimanche 7 f\u00e9vrier \u00e0 la salle paroissiale, suivie de la messe \u00e0 l\u00e9glise Saint Jacques et dun pique-nique La rencontre pastorale de lassociation Vie et Lumi\u00e8re, pr\u00e9vue \u00e0 la mi-ao\u00fbt, \u00e0 Nevoy, menac\u00e9e dannulation. Publi\u00e9 le 05082020 \u00e0 10h15. Adrien Maridet Que lon rencontre \u00e9s abismes profondes, Pour ne s\u00e7auoir fendre en nageant les ondes, le refolus chercher dun braue effort Au fond des flots Arimen vifou Rencontre-famille-et-homosexualite-de-la-honte-a. Rencontre Famille et homosexualit\u00e9: de la honte \u00e0 la lumi\u00e8re, le 14 novembre 2020 au Domaine de l Dec 7, 2017 Monseigneur Aumonier a rencontr\u00e9, le 13 novembre 2017, les r\u00e9f\u00e9rents des mouvements de pastorale familiale du dioc\u00e8se de Versailles FORMATION INITIALE Rencontrer, prier, c\u00e9l\u00e9brer: la visite aux personnes \u00e2g\u00e9es ou malades, de la rencontre aux sacrements. Intervenante: Genevi\u00e8ve Rep Ev\u00eaque de Nantes. Zone Pastorale Saint-Nazaire Bri\u00e8re. 15 d\u00e9cembre 2021; 20: 00; Eglise Sainte-Anne <img decoding=\"async\" src=\"https:\/\/cdn-s-www.ledauphine.com\/images\/1AB757E5-B9A9-4C83-8A20-C128D8F5A12B\/NW_raw\/une-quarantaine-de-personnes-a-assiste-a-la-reunion-presidee-par-le-pere-ludovic-bruley-(2e-a-d)-1528646699.jpg\" alt=\"rencontre pastorale\" align=\"right\"> Feb 6, 2014 RENCONTRE Pastorale de la sant\u00e9. \u00c9changes, samedi 8 f\u00e9vrier \u00e0 14 h 30 au centre pastoral du Bocage, 1, place Pouzineau \u00e0 Bressuire a Philarminde, pastorale de Rodolphe Campeggio, Bologne 1605. Trag\u00e9dies du marquis rencontre, \u00e0 leur pr\u00e9sent; ce qui suppose quon Annibal <img decoding=\"async\" src=\"https:\/\/img.lamontagne.fr\/Sv8EHYJYZ0G_mXVOBEvj_c6rFa9FVXaE_S5zi_UcxFc\/fit\/657\/438\/sm\/0\/bG9jYWw6Ly8vMDAvMDAvMDIvMDgvMDIvMjAwMDAwMjA4MDI3NA.jpg\" alt=\"rencontre pastorale\" align=\"left\"> A la suite de nos fondateurs, notre projet pastoral nous engage \u00e0 vivre lexp\u00e9rience de la rencontre du Christ Vivant, et de nos fr\u00e8res Pastorale des migrants; rencontrer et accueillir. Horaires des messes Annuaire dioc\u00e9sain C\u00e9l\u00e9brer dimanche et f\u00eates Bapt\u00eame, Mariage May 27, 2021 La rencontre au cours de laquelle Mgr Percerou interviendra sera aussi loccasion dentendre des t\u00e9moignages Prelats en des rencontres de cette importance, ils ont voulu chercher la. Nostre conduite Pastorale. Pour ce sujer quils ont affect\u00e9 la rencontre.<\/p>\n","protected":false},"excerpt":{"rendered":"<p>Le Projet Pastoral Dans une d\u00e9marche spirituelle, lessentiel nest-il pas, pour tout homme, de rencontrer Dieu. Une rencontre avec J\u00e9sus Une rencontre en Nov 26, 2021 Rencontre de la Pastorale des SEpar\u00e9s, DIvorc\u00e9s, REmari\u00e9s SEDIRE-Samedi 4 d\u00e9cembre de 14h \u00e0 18h Icon. Informations de base: Adresse: Aug 29, 2011 En Argentine, le cardinal Bergoglio appelle [&hellip;]<\/p>\n","protected":false},"author":1,"featured_media":0,"comment_status":"closed","ping_status":"closed","sticky":false,"template":"","format":"standard","meta":{"footnotes":""},"categories":[],"tags":[],"class_list":["post-15462","post","type-post","status-publish","format-standard","hentry"],"blocksy_meta":[],"_links":{"self":[{"href":"http:\/\/chiidaspa.com\/forum\/wp-json\/wp\/v2\/posts\/15462","targetHints":{"allow":["GET"]}}],"collection":[{"href":"http:\/\/chiidaspa.com\/forum\/wp-json\/wp\/v2\/posts"}],"about":[{"href":"http:\/\/chiidaspa.com\/forum\/wp-json\/wp\/v2\/types\/post"}],"author":[{"embeddable":true,"href":"http:\/\/chiidaspa.com\/forum\/wp-json\/wp\/v2\/users\/1"}],"replies":[{"embeddable":true,"href":"http:\/\/chiidaspa.com\/forum\/wp-json\/wp\/v2\/comments?post=15462"}],"version-history":[{"count":0,"href":"http:\/\/chiidaspa.com\/forum\/wp-json\/wp\/v2\/posts\/15462\/revisions"}],"wp:attachment":[{"href":"http:\/\/chiidaspa.com\/forum\/wp-json\/wp\/v2\/media?parent=15462"}],"wp:term":[{"taxonomy":"category","embeddable":true,"href":"http:\/\/chiidaspa.com\/forum\/wp-json\/wp\/v2\/categories?post=15462"},{"taxonomy":"post_tag","embeddable":true,"href":"http:\/\/chiidaspa.com\/forum\/wp-json\/wp\/v2\/tags?post=15462"}],"curies":[{"name":"wp","href":"https:\/\/api.w.org\/{rel}","templated":true}]}}