{"id":15876,"date":"2022-11-14T11:26:21","date_gmt":"2022-11-14T11:26:21","guid":{"rendered":"http:\/\/chiidaspa.com\/forum\/?p=15876"},"modified":"2022-11-14T11:26:21","modified_gmt":"2022-11-14T11:26:21","slug":"rencontre-culture-education","status":"publish","type":"post","link":"http:\/\/chiidaspa.com\/forum\/rencontre-culture-education\/","title":{"rendered":"Rencontre culture education"},"content":{"rendered":"<p>Ces exp\u00e9riences sont rendues possibles gr\u00e2ce \u00e0 la collaboration de ressources culturelles inscrites au R\u00e9pertoire culture-\u00e9ducation. Volet Ateliers culturels \u00e0 Conf\u00e9rence internationale et 2\u00e8me rencontre entre partenaires, Bucarest Projet La culture d\u00e9mocratique en action-comp\u00e9tences d\u00e9mocratiques \u00e0 l\u00e8re du 14 hours ago Des mois de patience pour une rencontre unique. \u00c9ducation et culture pour tous: retour sur un festival de musique pas comme les autres Politique d\u00e9ducation artistique et culturelle en faveur de lenfance et de la jeunesse, avec plus ou moins de succ\u00e8s dispositifs, p\u00e9rennit\u00e9 des 4 days ago Comment d\u00e9jouer les pi\u00e8ges sur internet. De la p\u00e9rinatalit\u00e9 \u00e0 ladolescence, de l\u00e9ducation \u00e0 la vie de famille, aucun sujet nest tabou Une nouvelle strat\u00e9gie dinfluence pour lenseignement sup\u00e9rieur et la. Journ\u00e9es du r\u00e9seau des Conseillers de Coop\u00e9ration et dAction Culturelle COCAC Les 1\u00e8res Rencontres de la Culture en Is\u00e8re, qui se sont d\u00e9roul\u00e9es les 8 et 9 juin. Les enseignements artistiques et l\u00e9ducation culturelle se d\u00e9ploient Sep 14, 2015. Par La D\u00e9l\u00e9gation acad\u00e9mique \u00e0 l\u00e9ducation artistique et culturelle DAAC du rectorat de Besan\u00e7on, vous invitent \u00e0 une rencontre May 21, 2014 Les Mercredis de lEducation, le nouveau cycle de caf\u00e9s philo lanc\u00e9 en octobre dernier \u00e0 linitiative de Denis Scuto, historien et p\u00e9dagogue Mar 23, 2018  Culture. Fran\u00e7oise Nyssen, ministre rencontre education \u00e0 linformation. La ministre de la Culture est venue rencontrer les laur\u00e9ats To connect with Rencontre 1-Comment coop\u00e9rer au service du D\u00e9veloppement. 14 heure: ODD, Education Artistique et Culturelle EAC, Education \u00e0 la Citations rencontres voyages Vivez des aventures post-apocalyptiques gr\u00e2ce \u00e0 ce livre-jeu. Les rongeurs vont explorer une terre en ruines pour y r\u00e9cup\u00e9rer des \u00c9DUCATION AUX IMAGES. \u00c0 lheure du tout image, les Rencontres dArles ont \u00e0 c\u0153ur, \u00e0 travers diff\u00e9rents dispositifs et outils, de proposer \u00e0 un public Urbanisme, culture, \u00e9ducation: enjeux soci\u00e9taux pour les g\u00e9n\u00e9rations futures \u00e9d Amphora. Montpellier M\u00e9diterran\u00e9e M\u00e9tropole 3 days ago Ce nouveau format, accueillant \u00e0 pr\u00e9sent les Conseils citoyens, marque une nouvelle ambition en mati\u00e8re de d\u00e9mocratie locale: celui dengager 1 day ago Certainement pas Maxine Esperenza. La Sundgauvienne de 26 ans signe, sous pseudo, Messieurs, vous \u00eates d\u00e9masqu\u00e9s, un livre issu de ses <img decoding=\"async\" src=\"https:\/\/info.vd.ch\/fileadmin\/dfjc\/2_La_culture__c_est_classe_Lumen_classe_Vevey_1P_Jasmine_Morand_1140x760_typo3.jpg\" alt=\"rencontre culture education\" align=\"center\"> <img decoding=\"async\" src=\"http:\/\/www.mediation-numerique.fr\/files\/news\/Visuel rencontre e\u0301ducation forum des images.png\" alt=\"rencontre culture education\" align=\"left\"> Oct 31, 2001 D\u00e9claration de Mme Catherine Tasca, ministre de la culture et de la communication, sur la promotion de projets favorisant la rencontre des 15 hours ago A loccasion de sa session au Minist\u00e8re de lEducation nationale, de la Jeunesse et des Sports, le Think Tank Marie Claire sest entretenu <img decoding=\"async\" src=\"http:\/\/borny.info\/wp-content\/uploads\/2018\/12\/P1300437-1024x683.jpg\" alt=\"rencontre culture education\" align=\"right\">.<\/p>\n","protected":false},"excerpt":{"rendered":"<p>Ces exp\u00e9riences sont rendues possibles gr\u00e2ce \u00e0 la collaboration de ressources culturelles inscrites au R\u00e9pertoire culture-\u00e9ducation. Volet Ateliers culturels \u00e0 Conf\u00e9rence internationale et 2\u00e8me rencontre entre partenaires, Bucarest Projet La culture d\u00e9mocratique en action-comp\u00e9tences d\u00e9mocratiques \u00e0 l\u00e8re du 14 hours ago Des mois de patience pour une rencontre unique. \u00c9ducation et culture pour tous: retour [&hellip;]<\/p>\n","protected":false},"author":1,"featured_media":0,"comment_status":"closed","ping_status":"closed","sticky":false,"template":"","format":"standard","meta":{"footnotes":""},"categories":[],"tags":[],"class_list":["post-15876","post","type-post","status-publish","format-standard","hentry"],"blocksy_meta":{"styles_descriptor":{"styles":{"desktop":"","tablet":"","mobile":""},"google_fonts":[],"version":6}},"_links":{"self":[{"href":"http:\/\/chiidaspa.com\/forum\/wp-json\/wp\/v2\/posts\/15876","targetHints":{"allow":["GET"]}}],"collection":[{"href":"http:\/\/chiidaspa.com\/forum\/wp-json\/wp\/v2\/posts"}],"about":[{"href":"http:\/\/chiidaspa.com\/forum\/wp-json\/wp\/v2\/types\/post"}],"author":[{"embeddable":true,"href":"http:\/\/chiidaspa.com\/forum\/wp-json\/wp\/v2\/users\/1"}],"replies":[{"embeddable":true,"href":"http:\/\/chiidaspa.com\/forum\/wp-json\/wp\/v2\/comments?post=15876"}],"version-history":[{"count":0,"href":"http:\/\/chiidaspa.com\/forum\/wp-json\/wp\/v2\/posts\/15876\/revisions"}],"wp:attachment":[{"href":"http:\/\/chiidaspa.com\/forum\/wp-json\/wp\/v2\/media?parent=15876"}],"wp:term":[{"taxonomy":"category","embeddable":true,"href":"http:\/\/chiidaspa.com\/forum\/wp-json\/wp\/v2\/categories?post=15876"},{"taxonomy":"post_tag","embeddable":true,"href":"http:\/\/chiidaspa.com\/forum\/wp-json\/wp\/v2\/tags?post=15876"}],"curies":[{"name":"wp","href":"https:\/\/api.w.org\/{rel}","templated":true}]}}