{"id":5195,"date":"2022-11-13T15:38:12","date_gmt":"2022-11-13T15:38:12","guid":{"rendered":"http:\/\/chiidaspa.com\/forum\/?p=5195"},"modified":"2022-11-13T15:38:12","modified_gmt":"2022-11-13T15:38:12","slug":"rencontres-photo-arles-2014","status":"publish","type":"post","link":"http:\/\/chiidaspa.com\/forum\/rencontres-photo-arles-2014\/","title":{"rendered":"Rencontres photo arles 2014"},"content":{"rendered":"<p>Les Rencontres dArles anciennement nomm\u00e9es Rencontres internationales de la photographie dArles sont n\u00e9es en 1970 sous limpulsion du photographe 2015-16 2014 2013 2012 2011 2010 2010-15 2013 2010 2009 NELO VINUESA Gate I, II, 2015. Rencontres Internationales de la Photographie, Arles, France <img decoding=\"async\" src=\"https:\/\/cdn.loeildelaphotographie.com\/wp-content\/uploads\/2015\/06\/IMG_5290.jpg\" alt=\"rencontres photo arles 2014\" align=\"right\"> Ce site utilise des cookies strictement n\u00e9cessaires pour am\u00e9liorer votre visite et pour recueillir des statistiques de navigation. En savoir plus La deuxi\u00e8me rencontre r\u00e9gionale des tiers-lieux sest d\u00e9roul\u00e9e vendredi 3 d\u00e9cembre \u00e0 lH\u00f4tel de R\u00e9gion avec pas moins de 84 participants venus des 4 coins PORTRAIT-CLERGUE-2014-02 1934-2014. Lucien Clergue est n\u00e9 \u00e0 Arles, o\u00f9 il continue dexercer et de promouvoir la photographie. Depuis la publication de son Jul 7, 2014 SFR sassocie pour la 9\u00e8me ann\u00e9e cons\u00e9cutive au festival international de la photographie dArles \u00e0 travers une exposition de laur\u00e9ats issus Jul 17, 2019 \u00c0 loccasion de sa 50e \u00e9dition, le doyen des festivals de photographie se raconte dans deux ouvrages et une exposition pr\u00e9sentant un floril\u00e8ge Jun 26, 2020 Les Rencontres de la photographie \u00e0 Arlesdossier. Succ\u00e9dant \u00e0 Sam Stourdz\u00e9, nomm\u00e9 en 2014 puis vite parti pour diriger la Villa M\u00e9dicis \u00e0 Le plus connu est d\u00e9sormais le Festival Europ\u00e9en de la Photo de Nu, sous titr\u00e9 Regards sur le Corps qui \u00e0 tenu sa 14\u00e8me \u00e9dition en mai 2014 45 \u00e9dition 7 juillet-21 septembre Depuis 2014, le festival invite de nombreux commissaires dexposition: 43 \u00e9taient invit\u00e9s \u00e0 loccasion de la 50e \u00e9dition Les Rencontres de la photographie, Arles Subscribe. 1. 9K subscribers. HomeVideosPlaylists ARLES 2018 5: 29. Interview Cristina De Middel Bruno Morais Les Rencontres de la photographie dArles sont, chaque \u00e9t\u00e9 depuis 1970, le premier festival de photographie de renomm\u00e9e internationale Jun 13, 2014 L\u00e9dition 2014 des Rencontres dArles ouvre ses portes le 7 juillet prochain, le laboratoire Picto a r\u00e9alis\u00e9 la production dune partie Analyse dune des expositions majeures des rencontres photographiques dArles 2014. Chema Madoz. Un \u00e9blouissement surr\u00e9aliste o\u00f9 le vrai et le faux ne sont <img decoding=\"async\" src=\"https:\/\/www.artistescontemporains.org\/ac\/wp-content\/uploads\/les-rencontres-d-arles-2014-stages-photo14.jpg\" alt=\"rencontres photo arles 2014\" align=\"center\"> Nov 15, 2014 Samedi 15 novembre 2014 \u00e0 13: 44-Mis \u00e0 jour le samedi 15. Le fondateur des rencontres dArles a fait reconna\u00eetre la photo en France <img decoding=\"async\" src=\"https:\/\/static.picto.fr\/wp-content\/uploads\/2014\/09\/ARLES01.jpg\" alt=\"rencontres photo arles 2014\" align=\"right\">.<\/p>\n","protected":false},"excerpt":{"rendered":"<p>Les Rencontres dArles anciennement nomm\u00e9es Rencontres internationales de la photographie dArles sont n\u00e9es en 1970 sous limpulsion du photographe 2015-16 2014 2013 2012 2011 2010 2010-15 2013 2010 2009 NELO VINUESA Gate I, II, 2015. Rencontres Internationales de la Photographie, Arles, France Ce site utilise des cookies strictement n\u00e9cessaires pour am\u00e9liorer votre visite et pour [&hellip;]<\/p>\n","protected":false},"author":1,"featured_media":0,"comment_status":"closed","ping_status":"closed","sticky":false,"template":"","format":"standard","meta":{"footnotes":""},"categories":[],"tags":[],"class_list":["post-5195","post","type-post","status-publish","format-standard","hentry"],"blocksy_meta":[],"_links":{"self":[{"href":"http:\/\/chiidaspa.com\/forum\/wp-json\/wp\/v2\/posts\/5195","targetHints":{"allow":["GET"]}}],"collection":[{"href":"http:\/\/chiidaspa.com\/forum\/wp-json\/wp\/v2\/posts"}],"about":[{"href":"http:\/\/chiidaspa.com\/forum\/wp-json\/wp\/v2\/types\/post"}],"author":[{"embeddable":true,"href":"http:\/\/chiidaspa.com\/forum\/wp-json\/wp\/v2\/users\/1"}],"replies":[{"embeddable":true,"href":"http:\/\/chiidaspa.com\/forum\/wp-json\/wp\/v2\/comments?post=5195"}],"version-history":[{"count":0,"href":"http:\/\/chiidaspa.com\/forum\/wp-json\/wp\/v2\/posts\/5195\/revisions"}],"wp:attachment":[{"href":"http:\/\/chiidaspa.com\/forum\/wp-json\/wp\/v2\/media?parent=5195"}],"wp:term":[{"taxonomy":"category","embeddable":true,"href":"http:\/\/chiidaspa.com\/forum\/wp-json\/wp\/v2\/categories?post=5195"},{"taxonomy":"post_tag","embeddable":true,"href":"http:\/\/chiidaspa.com\/forum\/wp-json\/wp\/v2\/tags?post=5195"}],"curies":[{"name":"wp","href":"https:\/\/api.w.org\/{rel}","templated":true}]}}