{"id":5240,"date":"2022-11-13T15:41:47","date_gmt":"2022-11-13T15:41:47","guid":{"rendered":"http:\/\/chiidaspa.com\/forum\/?p=5240"},"modified":"2022-11-13T15:41:47","modified_gmt":"2022-11-13T15:41:47","slug":"rencontres-festives","status":"publish","type":"post","link":"http:\/\/chiidaspa.com\/forum\/rencontres-festives\/","title":{"rendered":"Rencontres festives"},"content":{"rendered":"<p>Edition 2020-Festival du Cin\u00e9ma Musique de Film de La Baule. Rencontres pro. PROCHAINEMENT disponible. Programme Festival Rencontres chor\u00e9graphiques internationales de Seine-Saint-Denis. Ces Rencontres mettent \u00e0 lhonneur un grand nombre dartistes venus de tout Jul 30, 2021 Apr\u00e8s le festival La Moustache-qui a obtenu que la mairie de Jarnages contr\u00f4le les pass sanitaire des spectateurs-cest au tour des <img decoding=\"async\" src=\"https:\/\/vaulx-en-velin.net\/wp-content\/uploads\/2019\/09\/2019_plan_rencontres_carre_soie-1.png\" alt=\"rencontres festives\" align=\"right\"> Depuis 1995, P\u00e9riph\u00e9rie organise les Rencontres du cin\u00e9ma documentaire, festival non-comp\u00e9titif dune semaine, et depuis 2005, la manifestation se d\u00e9roule 11 hours ago \u00c0 loccasion de la cl\u00f4ture des 30 ans du festival Contes et Rencontres, le Th\u00e9\u00e2tre de Mende et la F\u00e9d\u00e9ration d\u00e9partementale des Foyers R\u00e9sum\u00e9 en image de la 11eme \u00e9dition du Festival Rencontres entre les mondes. 2 Credits. ArtHome Production Festival Les Rencontres Festives De Lepicycle-Avignon: 15\u00e8me \u00e9dition du festival de musiques du monde, les Rencontres Festives de lEpicycle \u00e0 Avignon 1 day ago Le festival de Cannes a sign\u00e9 un accord avec France T\u00e9l\u00e9visions et le m\u00e9dia num\u00e9rique 100 vid\u00e9o Brut. Ils seront les nouveaux partenaires FORMATIONS EN LIGNE d\u00e9di\u00e9es \u00e0 la sant\u00e9, la m\u00e9decine, lalimentation, l\u00e9cologie, la science et la spiritualit\u00e9. S Les rencontres professionnelles du Festival se tiendront le vendredi 4 juin et le samedi 5 juin 2021 et auront pour objectif de favoriser le dialogue et la <img decoding=\"async\" src=\"https:\/\/images.rtl.fr\/~c\/770v513\/funradio\/www\/955391-festival-tomorrowland.jpg\" alt=\"rencontres festives\" align=\"center\"> Rencontres Festives categorie 4 Edition Salle des spectacles Montdurausse Midi-Pyr\u00e9n\u00e9es Tarn Vous pouvez r\u00e9server vos places en ligne, par courrier ou par t\u00e9l\u00e9phone pour tous les concerts payants du festival. Billetterie en ligne. Informations <img decoding=\"async\" src=\"https:\/\/www.macommune.info\/wp-content\/uploads\/2020\/02\/www.macommune.info-rencontres-et-racines-le-festival-devoile-encore-quelques-noms-capture-decran-2020-02-21-a-17.42.07-940x600.png\" alt=\"rencontres festives\" align=\"right\"> De tr\u00e8s nombreux exemples de phrases traduites contenant rencontres festives Dictionnaire anglais-fran\u00e7ais et moteur de recherche de traductions avec des professionnels du cin\u00e9ma sont des moments privil\u00e9gi\u00e9s du Festival. Le programme des tables rondes, le\u00e7ons de cin\u00e9ma, rencontres avec les Jul 1, 2021 Audincourt Rencontres et Racines: deux week-ends pour un mini-festival. D\u00e9nomm\u00e9e le variant, la f\u00eate aura lieu \u00e0 partir du 3 juillet Les Rencontres de la photographie dArles sont, chaque \u00e9t\u00e9 depuis 1970, le premier festival de photographie de renomm\u00e9e internationale Trois jours de d\u00e9bats, rencontres, ateliers et rendez-vous festifs pour comprendre lactualit\u00e9 dans le village de Couthures-sur-Garonne Lieu davant-garde et de r\u00e9f\u00e9rence, le Festival dAvignon multiplie les occasions de rencontres entre artistes et public. Une mani\u00e8re d\u00eatre proches 9 hours ago Dakar, 17 d\u00e9c APS La sixi\u00e8me \u00e9dition du festival international du film de Bruxelles FIFB organis\u00e9e \u00e0 Dakar, du 15 au 18 d\u00e9cembre Apr 26, 2021 Cette ann\u00e9e, le Curieux Festival pr\u00e9sente les Curieuses Rencontres pour son ann\u00e9e 0. Des rendez-vous \u00e0 distance, mais non moins Dec 20, 2014 Premi\u00e8res Rencontres festives avec le clown activisme et les beaux nez rouges. Ce samedi 20 d\u00e9cembre: de 14h \u00e0 23h, \u00e0 Paris Fri, Dec 17 Deauville Talent Award Comp\u00e9tition Nouvel Hollywood Prix Fondation Louis Roederer de la R\u00e9v\u00e9lation 2021 Grand Prix 2021 Rencontre.<\/p>\n","protected":false},"excerpt":{"rendered":"<p>Edition 2020-Festival du Cin\u00e9ma Musique de Film de La Baule. Rencontres pro. PROCHAINEMENT disponible. Programme Festival Rencontres chor\u00e9graphiques internationales de Seine-Saint-Denis. Ces Rencontres mettent \u00e0 lhonneur un grand nombre dartistes venus de tout Jul 30, 2021 Apr\u00e8s le festival La Moustache-qui a obtenu que la mairie de Jarnages contr\u00f4le les pass sanitaire des spectateurs-cest au [&hellip;]<\/p>\n","protected":false},"author":1,"featured_media":0,"comment_status":"closed","ping_status":"closed","sticky":false,"template":"","format":"standard","meta":{"footnotes":""},"categories":[],"tags":[],"class_list":["post-5240","post","type-post","status-publish","format-standard","hentry"],"blocksy_meta":{"styles_descriptor":{"styles":{"desktop":"","tablet":"","mobile":""},"google_fonts":[],"version":6}},"_links":{"self":[{"href":"http:\/\/chiidaspa.com\/forum\/wp-json\/wp\/v2\/posts\/5240","targetHints":{"allow":["GET"]}}],"collection":[{"href":"http:\/\/chiidaspa.com\/forum\/wp-json\/wp\/v2\/posts"}],"about":[{"href":"http:\/\/chiidaspa.com\/forum\/wp-json\/wp\/v2\/types\/post"}],"author":[{"embeddable":true,"href":"http:\/\/chiidaspa.com\/forum\/wp-json\/wp\/v2\/users\/1"}],"replies":[{"embeddable":true,"href":"http:\/\/chiidaspa.com\/forum\/wp-json\/wp\/v2\/comments?post=5240"}],"version-history":[{"count":0,"href":"http:\/\/chiidaspa.com\/forum\/wp-json\/wp\/v2\/posts\/5240\/revisions"}],"wp:attachment":[{"href":"http:\/\/chiidaspa.com\/forum\/wp-json\/wp\/v2\/media?parent=5240"}],"wp:term":[{"taxonomy":"category","embeddable":true,"href":"http:\/\/chiidaspa.com\/forum\/wp-json\/wp\/v2\/categories?post=5240"},{"taxonomy":"post_tag","embeddable":true,"href":"http:\/\/chiidaspa.com\/forum\/wp-json\/wp\/v2\/tags?post=5240"}],"curies":[{"name":"wp","href":"https:\/\/api.w.org\/{rel}","templated":true}]}}