{"id":5255,"date":"2022-11-13T15:42:46","date_gmt":"2022-11-13T15:42:46","guid":{"rendered":"http:\/\/chiidaspa.com\/forum\/?p=5255"},"modified":"2022-11-13T15:42:46","modified_gmt":"2022-11-13T15:42:46","slug":"rencontre-avec-eric-zemmour","status":"publish","type":"post","link":"http:\/\/chiidaspa.com\/forum\/rencontre-avec-eric-zemmour\/","title":{"rendered":"Rencontre avec eric zemmour"},"content":{"rendered":"<p><img decoding=\"async\" src=\"https:\/\/www.leparisien.fr\/resizer\/maDrt15Fa3YJSXjeiOJlQ3pSIOo=\/932x582\/cloudfront-eu-central-1.images.arcpublishing.com\/leparisien\/GO6ZYNE5VVFXFIPOF2OMVOQ72E.jpg\" alt=\"rencontre avec eric zemmour\" align=\"right\"> Eric Zemmour rencontre Gilbert Collard \u00e0 N\u00eemes ce vendredi, dans le fief du d\u00e9put\u00e9 Rassemblement national. L Face \u00e0 Baba: \u00e9change tendu entre Aymeric Caron et \u00c9ric Zemmour sur l. Le candidat dextr\u00eame-droite participait mercredi soir \u00e0 une rencontre Eric Zemmour, pr\u00e9sidentielle 2022. G\u00e9n\u00e9ration Z est un collectif ayant pour but de rassembler la jeunesse de France autour de la candidature dEric Zemmour Mar 10, 2015 Femme Majuscule et rencontre avec Eric Zemmour le coiffeur. Et voici quelques articles que jai encore plus aim\u00e9 que les autres je sais Eric Zemmour: une vision de notre roman national Grande rencontre anim\u00e9e par Philippe Lapousterle La rencontre entre le pol\u00e9miste et le ministre de l\u00c9conomie aura lieu le 9 d\u00e9cembre prochain dans l\u00e9mission \u00c9lys\u00e9e 2022 sur France 2 <img decoding=\"async\" src=\"https:\/\/resize-europe1.lanmedia.fr\/r\/622,311,forcex,center-middle\/img\/var\/europe1\/storage\/images\/europe1\/international\/rencontre-avec-orban-demographie-pourquoi-eric-zemmour-est-il-alle-en-hongrie-4068182\/57654503-1-fre-FR\/Rencontre-avec-Orban-demographie-Pourquoi-Eric-Zemmour-est-il-alle-en-Hongrie.jpg\" alt=\"rencontre avec eric zemmour\" align=\"right\"> 4 days ago ENQUETE-Etudiant de Sciences-Po de 1976 \u00e0 1979, Eric Zemmour na pas laiss\u00e9 un souvenir imp\u00e9rissable. Juste celui dun \u00e9tudiant effac\u00e9 et 14 hours ago Merci davoir regard\u00e9 la vid\u00e9o. Sil vous pla\u00eet ABONNEZ-VOUS et COMMENTEZ pour nous aider \u00e0 faire de meilleures vid\u00e9osAbonnez-vous pour 5 days ago Rencontre avec le Patriarche de Cilicie des Arm\u00e9niens. Merci \u00e0 lui pour ces riches \u00e9changes. Une partie de lopposition contre Zemmour pr\u00e9tend <img decoding=\"async\" src=\"https:\/\/static.actu.fr\/uploads\/2022\/03\/eric-zemmour-portrait-ig.jpg\" alt=\"rencontre avec eric zemmour\" align=\"center\"> Oct 2, 2021 L\u00e9crivain et pol\u00e9miste \u00c9ric Zemmour est en d\u00e9placement ce vendredi. Valenciennes: Eric Zemmour \u00e0 la rencontre des chefs dentreprise Sep 27, 2021 \u00c9ric Zemmour est une personnalit\u00e9 bien connue des Fran\u00e7ais et cet orateur hors-pair a d\u00e9cid\u00e9 de participer aux \u00e9lections pr\u00e9sidentielles de 5 days ago \u00c9ric Zemmour sur le plateau d \u00c9lys\u00e9e 2022, le 9 d\u00e9cembre 2021. La rencontre avec lui sest tr\u00e8s bien d\u00e9roul\u00e9e, il na eu aucune C\u00f4t\u00e9 vie priv\u00e9e, Eric Zemmour rencontre lavocate Myl\u00e8ne Chichportich en 1982. Ils se marient et donnent naissance \u00e0 trois enfants: Hugo 1997 17 hours ago. Et recevait Eric Zemmour, candidat \u00e0 l\u00e9lection pr\u00e9sidentielle. Pr\u00e9sidentielle proposait une rencontre in\u00e9dite entre un candidat Oct 7, 2021 Un entretien complet avec \u00c9ric Zemmour \u00e0 retrouver ce vendredi 8 octobre 2021 dans Corse-Matin. AFP-JOEL SAGET Sep 3, 2021 Venez \u00e0 B\u00e9ziers et on discute. Prenez un engagement: celui qui arrivera en t\u00eate, vous le soutiendrez. Si Eric Zemmour a directement accept\u00e9 Nov 17, 2021 Sa vindicte personnelle rencontre ses convictions intimes, et aussi. Et le lien avec Eric Zemmour, semble une logique absolue Sep 1, 2021 Le pol\u00e9miste, qui entretient le suspense sur sa candidature \u00e0 la pr\u00e9sidentielle 2022, veut se consacrer \u00e0 la promotion de son livre \u00c9v\u00e9nements. Les premi\u00e8res rencontres avec \u00c9ric Zemmour sont d\u00e9j\u00e0 annonc\u00e9es. La suite tr\u00e8s prochainement. Pas d\u00e9v\u00e9nement Sep 17, 2021 Eric Zemmour lors dune s\u00e9ance de signature de son dernier livre La. Lencadrement du droit de gr\u00e8ve et un retour \u00e0 une politique Nov 30, 2021 \u00c9ric Zemmour annon\u00e7ant sa candidature dans un clip sur les r\u00e9seaux. Rat\u00e9 \u00e0 Marseille, sans rencontre, ni \u00e9change avec la population Eric Zemmour: retrouvez son actualit\u00e9, sa candidature \u00e0 la. Avec Zemmour, lidentit\u00e9 fran\u00e7aise, au lieu de se conjuguer aux droits de lHomme Le grand oral dEric Zemmour: Le Figaro organise tous les mois une grande rencontre \u00e0 Paris. Alexis BREZET Directeur des r\u00e9dactions et Vincent TREMOLET 1 day ago Depuis la pr\u00e9-campagne dEric Zemmour et encore plus depuis. Cause la mythologie autour de leur rencontre: Des proches de longue date.<\/p>\n","protected":false},"excerpt":{"rendered":"<p>Eric Zemmour rencontre Gilbert Collard \u00e0 N\u00eemes ce vendredi, dans le fief du d\u00e9put\u00e9 Rassemblement national. L Face \u00e0 Baba: \u00e9change tendu entre Aymeric Caron et \u00c9ric Zemmour sur l. Le candidat dextr\u00eame-droite participait mercredi soir \u00e0 une rencontre Eric Zemmour, pr\u00e9sidentielle 2022. G\u00e9n\u00e9ration Z est un collectif ayant pour but de rassembler la jeunesse [&hellip;]<\/p>\n","protected":false},"author":1,"featured_media":0,"comment_status":"closed","ping_status":"closed","sticky":false,"template":"","format":"standard","meta":{"footnotes":""},"categories":[],"tags":[],"class_list":["post-5255","post","type-post","status-publish","format-standard","hentry"],"blocksy_meta":{"styles_descriptor":{"styles":{"desktop":"","tablet":"","mobile":""},"google_fonts":[],"version":6}},"_links":{"self":[{"href":"http:\/\/chiidaspa.com\/forum\/wp-json\/wp\/v2\/posts\/5255","targetHints":{"allow":["GET"]}}],"collection":[{"href":"http:\/\/chiidaspa.com\/forum\/wp-json\/wp\/v2\/posts"}],"about":[{"href":"http:\/\/chiidaspa.com\/forum\/wp-json\/wp\/v2\/types\/post"}],"author":[{"embeddable":true,"href":"http:\/\/chiidaspa.com\/forum\/wp-json\/wp\/v2\/users\/1"}],"replies":[{"embeddable":true,"href":"http:\/\/chiidaspa.com\/forum\/wp-json\/wp\/v2\/comments?post=5255"}],"version-history":[{"count":0,"href":"http:\/\/chiidaspa.com\/forum\/wp-json\/wp\/v2\/posts\/5255\/revisions"}],"wp:attachment":[{"href":"http:\/\/chiidaspa.com\/forum\/wp-json\/wp\/v2\/media?parent=5255"}],"wp:term":[{"taxonomy":"category","embeddable":true,"href":"http:\/\/chiidaspa.com\/forum\/wp-json\/wp\/v2\/categories?post=5255"},{"taxonomy":"post_tag","embeddable":true,"href":"http:\/\/chiidaspa.com\/forum\/wp-json\/wp\/v2\/tags?post=5255"}],"curies":[{"name":"wp","href":"https:\/\/api.w.org\/{rel}","templated":true}]}}