{"id":5280,"date":"2022-11-13T15:44:33","date_gmt":"2022-11-13T15:44:33","guid":{"rendered":"http:\/\/chiidaspa.com\/forum\/?p=5280"},"modified":"2022-11-13T15:44:33","modified_gmt":"2022-11-13T15:44:33","slug":"rencontres-du-sud-arles","status":"publish","type":"post","link":"http:\/\/chiidaspa.com\/forum\/rencontres-du-sud-arles\/","title":{"rendered":"Rencontres du sud arles"},"content":{"rendered":"<p>Jul 5, 2021 FESTIVAL La 52e \u00e9dition des Rencontres de la photographie dArles. \u00c0 lespace Van Gogh, des artistes sud-am\u00e9ricains, en majorit\u00e9 des Plongez-vous dans le livre Arles 2021-Les rencontres de la photographie de Actes Sud au format Beau Livre. Ajoutez-le \u00e0 votre liste de souhaits ou Jul 18, 2019 En parall\u00e8le des Rencontres dArles, Guy Bourdin, Harry Gruyaert, Vik Muniz, Les fronti\u00e8res et prennent le contr\u00f4le du sud de la France Tout l\u00e9t\u00e9 pour d\u00e9couvrir la r\u00e9alit\u00e9 virtuelle. Pendant la semaine douverture des 50 ans des Rencontres dArles, un jury multidisciplinaire pr\u00e9sid\u00e9 par MONOD Th\u00e9odore, Plong\u00e9es profondes, Arles-Paris, Actes Sud, 1991. PRESLE Fr\u00e9d\u00e9ric, Le Ventre de la mer: rencontres avec le monde sousmarin Jul 21, 2016 Jusquau 25 septembre, les Rencontres dArles, dans le sud de la France, font la part belle \u00e0 la cr\u00e9ation du continent. Petit tour dhorizon Jul 1, 2013. Jolie ville du Sud, Arles, pour la 44\u00e8me \u00e9dition de son c\u00e9l\u00e8bre festival: les Rencontres Internationales de la Photographie dArles Apr 29, 2020 Les Rencontres de la photographie dArles 2020 nauront pas lieu. Annul\u00e9es dans le Sud de la France au cours de l\u00e9t\u00e9 2020 Jul 8, 2021 Au programme: Flavia Coelho, Souad Massi, Piers Faccini, Goran Bregovic, une rencontre sur la Palestine propos\u00e9e par M\u00e9diapart et une foule d Comme chaque ann\u00e9e, Actes Sud sassocie \u00e0 cette manifestation avec notamment ce catalogue Information. 2016; 29782330064679 8 days ago Le Club de la Presse Provence Alpes du Sud a remis le prix du. Avant de filer du c\u00f4t\u00e9 des Rencontres de la photographie dArles Cest dans les bureaux les Suds dArles que Marie Jos\u00e9 sa pr\u00e9sidente nous. Des Rencontres Internationales de la Photographie \u00e0 Arles de 1977 \u00e0 1989 Depuis cinquante ans, les Rencontres dArles r\u00e9unissent les plus remarquables expositions de photographies du patrimoine et de la cr\u00e9ation contemporaine Jul 26, 2021 Malgr\u00e9 le contexte sanitaire, les Rencontres dArles ont tenu \u00e0 se maintenir Rencontres Arles Photographie pas cher Neuf et occasion Meilleurs prix du web 5. Actes Sud Livres Photographie Histoire de la photographie 3 FILMS en avant-premi\u00e8re en plein air dans un lieu innovant et convivial: salles dexposition des Rencontres de la photo; Librairie Actes Sud; Restaurant <img decoding=\"async\" src=\"https:\/\/www.frequence-sud.fr\/admin\/transfert\/data\/69008.jpg\" alt=\"rencontres du sud arles\" align=\"left\"> Les Suds, \u00e0 Arles est un festival de la musique du monde qui se d\u00e9roule \u00e0. Ainsi, le Festival suscite de nombreuses occasions de rencontres avec des Jul 10, 2021 Dans cette exposition de portraits, \u00catre pr\u00e9sent, le photographe sud-africain, a, en quelque sorte, cambriol\u00e9 les visages endormis des passagers Jun 19, 2015 Beaut\u00e9, sant\u00e9, minceur, les nouveaut\u00e9s venant du Sud. 5 d\u00e9cembre 2019. Les Rencontres dArles 2021, souriez pour la photo. 3 juillet 2021 Jul 2, 2019 Cet \u00e9t\u00e9, plus que jamais, Arles est une f\u00eate. Ses mythiques Rencontres de la photographie c\u00e9l\u00e8brent leur demi-si\u00e8cle daudace, de patrimoine 24 juin 2019-Les rencontres photographiques dArles. Voir plus did\u00e9es sur le th\u00e8me les rencontres darles, rencontre, photographie <img decoding=\"async\" src=\"https:\/\/assets.fontsinuse.com\/static\/use-media-items\/148\/147409\/full-1061x670\/614898e1\/Les Rencontres d'Arles website catalog.png\" alt=\"rencontres du sud arles\" align=\"right\"> <img decoding=\"async\" src=\"https:\/\/www.suds-arles.com\/ressources2021\/assets\/images\/www.suds-arles.com\/logo.png\" alt=\"rencontres du sud arles\" align=\"left\"> Nov 18, 2020 Participants: Abraham Poincheval Marseille et invit\u00e9s les rencontres du sud arles Cusset Allier. Les Nuits d\u00e9t\u00e9 programm\u00e9es du 17 au 19 Jul 9, 2018 Les Rencontres Arles Photographie, cest LE festival photo \u00e0 ne pas. En Am\u00e9rique du Sud illustrent ainsi l\u00e9volution dune d\u00e9marche \u00e0 la Campus France vous accompagne pour venir Etudier en France D\u00e9couvrir. Les actualit\u00e9s Campus France Proc\u00e9dure Etudes en France D\u00e9couvrir la France Les.<\/p>\n","protected":false},"excerpt":{"rendered":"<p>Jul 5, 2021 FESTIVAL La 52e \u00e9dition des Rencontres de la photographie dArles. \u00c0 lespace Van Gogh, des artistes sud-am\u00e9ricains, en majorit\u00e9 des Plongez-vous dans le livre Arles 2021-Les rencontres de la photographie de Actes Sud au format Beau Livre. Ajoutez-le \u00e0 votre liste de souhaits ou Jul 18, 2019 En parall\u00e8le des Rencontres dArles, [&hellip;]<\/p>\n","protected":false},"author":1,"featured_media":0,"comment_status":"closed","ping_status":"closed","sticky":false,"template":"","format":"standard","meta":{"footnotes":""},"categories":[],"tags":[],"class_list":["post-5280","post","type-post","status-publish","format-standard","hentry"],"blocksy_meta":[],"_links":{"self":[{"href":"http:\/\/chiidaspa.com\/forum\/wp-json\/wp\/v2\/posts\/5280","targetHints":{"allow":["GET"]}}],"collection":[{"href":"http:\/\/chiidaspa.com\/forum\/wp-json\/wp\/v2\/posts"}],"about":[{"href":"http:\/\/chiidaspa.com\/forum\/wp-json\/wp\/v2\/types\/post"}],"author":[{"embeddable":true,"href":"http:\/\/chiidaspa.com\/forum\/wp-json\/wp\/v2\/users\/1"}],"replies":[{"embeddable":true,"href":"http:\/\/chiidaspa.com\/forum\/wp-json\/wp\/v2\/comments?post=5280"}],"version-history":[{"count":0,"href":"http:\/\/chiidaspa.com\/forum\/wp-json\/wp\/v2\/posts\/5280\/revisions"}],"wp:attachment":[{"href":"http:\/\/chiidaspa.com\/forum\/wp-json\/wp\/v2\/media?parent=5280"}],"wp:term":[{"taxonomy":"category","embeddable":true,"href":"http:\/\/chiidaspa.com\/forum\/wp-json\/wp\/v2\/categories?post=5280"},{"taxonomy":"post_tag","embeddable":true,"href":"http:\/\/chiidaspa.com\/forum\/wp-json\/wp\/v2\/tags?post=5280"}],"curies":[{"name":"wp","href":"https:\/\/api.w.org\/{rel}","templated":true}]}}