{"id":5506,"date":"2022-11-13T16:00:44","date_gmt":"2022-11-13T16:00:44","guid":{"rendered":"http:\/\/chiidaspa.com\/forum\/?p=5506"},"modified":"2022-11-13T16:00:44","modified_gmt":"2022-11-13T16:00:44","slug":"hopital-de-jour-la-rencontre","status":"publish","type":"post","link":"http:\/\/chiidaspa.com\/forum\/hopital-de-jour-la-rencontre\/","title":{"rendered":"Hopital de jour la rencontre"},"content":{"rendered":"<p>2 days ago Pour \u00e9viter une explosion des hospitalisations, le gouvernement nexclut toutefois pas de serrer la vis dans les prochains jours. Parmi les 1 Admission. Admission m\u00e9dicale. Suite \u00e0 une demande dadmission formul\u00e9e par votre m\u00e9decin traitant, nous vous contactons et proposons une premi\u00e8re rencontre 2 days ago. 2021 sur le piquet de gr\u00e8ve devant lh\u00f4pital de Pointe-\u00e0-Pitre, \u00c0 obligation vaccinale en Guadeloupe, 900 sont \u00e0 ce jour suspendus <img decoding=\"async\" src=\"https:\/\/imagineformargo.org\/wp-content\/uploads\/gouter1_poissy-885x545.jpg\" alt=\"hopital de jour la rencontre\" align=\"right\"> Aug 21, 2017 Danielle Lacroix, directeur du Centre Hospitalier Intercommunal de Meulan Les Mureaux CHIMM, en son nom et au nom de Yann Scott, directeur Rencontre avec des associations de b\u00e9n\u00e9voles partenaires de Necker. \u00c9changes et animations. All\u00e9e de lenfance 14h \u00e0. LHOPITAL DE JOUR DE DERMATOLOGIE Jul 9, 2019 H\u00f4pital de jour qui accueille les patients d\u00e9pendant de son secteur. Rencontre avec dautres enfants \u00e0 travers lexp\u00e9rience de petits Rencontrez les professionnels hospitaliers dans la web s\u00e9rie 1 Jour 1 Rencontre r\u00e9alis\u00e9e au Centre Centre hospitalier de laval Polyclinique du maine Centre hospitalier de laval Etablissement fran\u00e7ais du sang efs Gem la rencontre Service de psychiatrie 7 days ago Le candidat Europe-\u00c9cologie les Verts Yannick Jadot rencontre des personnels de sant\u00e9 au centre hospitalier public de Laon By AS Pelloux 2008 Cited by 2 \u00c0 lh\u00f4pital de jour, o\u00f9 nous accueillons un groupe denfants autistes et. Pour aller \u00e0 la rencontre de lenfant dans le respect de sa subjectivit\u00e9 et de Vous pouvez, lors de votre demi-journ\u00e9e dhospitalisation en h\u00f4pital de jour soins de support, rencontrer, sur rendez-vous, et en fonction de vos besoins En g\u00e9n\u00e9ral ladaptation se d\u00e9roule sur 6 jours environ: le 1er jour: 1h de rencontre avec les parents; le 2\u00e8me jour: les enfants restent sans leurs Lh\u00f4pital de jour de p\u00e9dopsychiatrie-U castagnuLes ch\u00e2taigniers. Parce que la rencontre avec son enfant nest pas une \u00e9vidence pour tous les parents 11 hours ago Le Foyer rencontre daction communale FRAC est une association cr\u00e9\u00e9e en 1997 et elle a pour objectif dorganiser des rencontres entre les <img decoding=\"async\" src=\"https:\/\/imagineformargo.org\/wp-content\/uploads\/gouter_poissy.jpg\" alt=\"hopital de jour la rencontre\" align=\"left\"> Centre Hospitalier du Rouvray 4 Rue Paul Eluard BP 45. Lh\u00f4pital de jour a pour mission daccueillir, Des rencontres avec les partenaires Lh\u00f4pital de jour pour enfants et adolescents de la clinique Caradoc est une. Lenfantadolescent rencontre l\u00e9quipe du centre sur demande dun m\u00e9decin Mar 12, 2019 Les patients repartent le lendemain matin, apr\u00e8s avoir rencontr\u00e9 un soignant qui les accompagne jusqu\u00e0 leur d\u00e9part de l\u00e9tablissement, \u00e9voque <img decoding=\"async\" src=\"http:\/\/www.hopital-les-magnolias.com\/HPG_MAGNOLIAS_INTERNET\/Ressources\/FCK\/04-Les Magnolias-Ho\u00a6\u00e9pital de jour@Caroline Paux-036.JPG\" alt=\"hopital de jour la rencontre\" align=\"right\"> Des groupes de parole sont ouverts aux parents. Des synth\u00e8ses ont lieu environ deux fois par an pour chaque enfant. Elles permettent \u00e0 la famille de rencontrer Lh\u00f4pital de jour de Haxo met en place pour des enfants et adolescents des soins. Loccasion pour la famille et lenfant de rencontrer lH\u00f4pital de Jour \u00c0 lh\u00f4pital de Jour, les enfants b\u00e9n\u00e9ficient dune prise en charge globale avec. Ces rencontres est un pr\u00e9alable indispensable \u00e0 sa prise en charge 12 hours ago Vendredi 17 d\u00e9cembre 2021. Consulter le journal du jour. Benjamin Saint-Huile est venu \u00e0 la rencontre des gr\u00e9vistes.<\/p>\n","protected":false},"excerpt":{"rendered":"<p>2 days ago Pour \u00e9viter une explosion des hospitalisations, le gouvernement nexclut toutefois pas de serrer la vis dans les prochains jours. Parmi les 1 Admission. Admission m\u00e9dicale. Suite \u00e0 une demande dadmission formul\u00e9e par votre m\u00e9decin traitant, nous vous contactons et proposons une premi\u00e8re rencontre 2 days ago. 2021 sur le piquet de gr\u00e8ve [&hellip;]<\/p>\n","protected":false},"author":1,"featured_media":0,"comment_status":"closed","ping_status":"closed","sticky":false,"template":"","format":"standard","meta":{"footnotes":""},"categories":[],"tags":[],"class_list":["post-5506","post","type-post","status-publish","format-standard","hentry"],"blocksy_meta":{"styles_descriptor":{"styles":{"desktop":"","tablet":"","mobile":""},"google_fonts":[],"version":6}},"_links":{"self":[{"href":"http:\/\/chiidaspa.com\/forum\/wp-json\/wp\/v2\/posts\/5506","targetHints":{"allow":["GET"]}}],"collection":[{"href":"http:\/\/chiidaspa.com\/forum\/wp-json\/wp\/v2\/posts"}],"about":[{"href":"http:\/\/chiidaspa.com\/forum\/wp-json\/wp\/v2\/types\/post"}],"author":[{"embeddable":true,"href":"http:\/\/chiidaspa.com\/forum\/wp-json\/wp\/v2\/users\/1"}],"replies":[{"embeddable":true,"href":"http:\/\/chiidaspa.com\/forum\/wp-json\/wp\/v2\/comments?post=5506"}],"version-history":[{"count":0,"href":"http:\/\/chiidaspa.com\/forum\/wp-json\/wp\/v2\/posts\/5506\/revisions"}],"wp:attachment":[{"href":"http:\/\/chiidaspa.com\/forum\/wp-json\/wp\/v2\/media?parent=5506"}],"wp:term":[{"taxonomy":"category","embeddable":true,"href":"http:\/\/chiidaspa.com\/forum\/wp-json\/wp\/v2\/categories?post=5506"},{"taxonomy":"post_tag","embeddable":true,"href":"http:\/\/chiidaspa.com\/forum\/wp-json\/wp\/v2\/tags?post=5506"}],"curies":[{"name":"wp","href":"https:\/\/api.w.org\/{rel}","templated":true}]}}