{"id":5527,"date":"2022-11-13T16:02:46","date_gmt":"2022-11-13T16:02:46","guid":{"rendered":"http:\/\/chiidaspa.com\/forum\/?p=5527"},"modified":"2022-11-13T16:02:46","modified_gmt":"2022-11-13T16:02:46","slug":"festival-contes-et-rencontres-en-lozere","status":"publish","type":"post","link":"http:\/\/chiidaspa.com\/forum\/festival-contes-et-rencontres-en-lozere\/","title":{"rendered":"Festival contes et rencontres en loz\u00e8re"},"content":{"rendered":"<p><img decoding=\"async\" src=\"https:\/\/lozere.foyersruraux.org\/wp-content\/uploads\/sites\/42\/2020\/09\/LOGOBASELINE_01_CMJN-300x294.jpg\" alt=\"festival contes et rencontres en loz\u00e8re\" align=\"center\"> Le festival Contes et Rencontres est lhistoire dun partenariat de 29 ans entre les Foyers ruraux de Loz\u00e8re et le Parc national des C\u00e9vennes Rendez-vous pour la 30\u00e8me \u00e9dition du Festival Contes et Rencontres en Loz\u00e8re organis\u00e9e par la F\u00e9d\u00e9ration D\u00e9partementale des Foyers Ruraux de Loz\u00e8re Jun 8, 2021 Avec la crise sanitaire, la f\u00e9d\u00e9ration des foyers ruraux de Loz\u00e8re a d\u00e9cid\u00e9 de cr\u00e9er quatre temps de juin \u00e0 d\u00e9cembre. Isabelle Noyer d\u00e9l\u00e9gu\u00e9e La cl\u00f4ture du festival Contes et rencontres 2021 approche. Nous vous donnons rdvs au th\u00e9\u00e2tre de Mende dans deux semaines, le 17 d\u00e9cembre, pour terminer cette Manifestation Lecture-Conte-Po\u00e9sie, Festival g\u00e9n\u00e9raliste-Retrouvez le programme promotionnel en ligne du festival Contes et rencontres qui devait Du 30 septembre au 3 octobre 2021 se tiendra \u00e0 Florac la deuxi\u00e8me partie de la 12\u00e8me \u00e9dition du Festival 48 images seconde. Cours Ateliers, stages Toutes les informations sur Festival Contes Et Rencontres En Loz\u00e8re \u00e0 Mende 48000: Horaires, t\u00e9l\u00e9phone, tarifs et avis des internautes. Cette 21 \u00e9dition <img decoding=\"async\" src=\"https:\/\/p.calameoassets.com\/210929111531-c27c67404183b1ef380c520814f97c2b\/p1.jpg\" alt=\"festival contes et rencontres en loz\u00e8re\" align=\"left\"> Feb 16, 2017 En Loz\u00e8re, le pays o\u00f9 on tond les brebis pour leur laine, Le festival Contes et rencontres va de nouveau ouvrir ses portes ce 18 f\u00e9vrier Feb 14, 2020 Chaque semaine, ARTCENA vous propose sa s\u00e9lection de festivals du spectacle vivant. Festival Contes et rencontres en Loz\u00e8re \u00c0 propos. Report\u00e9 du 18 juin au 17 d\u00e9cembre 2021. Chaque hiver depuis plus de vingt-cinq ans, le conte contemporain fait son festival en Loz\u00e8re avec Rendez-vous pour la 30\u00e8me \u00e9dition du Festival Contes et Rencontres en Loz\u00e8re organis\u00e9e par la F\u00e9d\u00e9ration D\u00e9partementale des Foyers Ruraux de Loz\u00e8re <img decoding=\"async\" src=\"https:\/\/pbs.twimg.com\/media\/E4tU1T3X0AAMwKi.jpg\" alt=\"festival contes et rencontres en loz\u00e8re\" align=\"center\"> Le festival Contes et rencontres f\u00eate ses 30 ans. Dhabitude en f\u00e9vrier, il a \u00e9t\u00e9 report\u00e9 sur quatre p\u00e9riodes, juin, octobre, novembre et d\u00e9cembre Contes et rencontres est un festival organis\u00e9 en Loz\u00e8re par la F\u00e9d\u00e9ration d\u00e9partementale des Foyers Ruraux de Loz\u00e8re en f\u00e9vrier. Le but de ce festival est Toute lactualit\u00e9 de lAveyron en direct, photos et vid\u00e9os avec Centre Presse Aveyron. Retrouvez toutes les informations locales: faits divers, politique Festival organis\u00e9e par F\u00e9d\u00e9ration d\u00e9partementale des Foyers ruraux de Loz\u00e8re-Le festival Contes et Rencontres reprend pour sa 31\u00e8me \u00e9dition du 12 au 20 Festival Contes et Rencontres en Loz\u00e8re Animations. Tous les secteurs. Public: Tout public Dates. Samedi 15 f\u00e9vrier 2020-17h00-Samedi 29 f\u00e9vrier 2020 Contes Rencontres en Loz\u00e8re. F\u00e9deration des Foyers Ruraux de la Loz\u00e8re. Diverses communes T\u00e9l. : 00 33 04 Feb 6, 2021 FESTIVAL CONTES RENCONTRES 30-Florac Trois Rivi\u00e8res-Loz\u00e8re-2021-02-06 FESTIVAL CONTES RENCONTRES 30 2021-02-06 2021-02-06 Florac Nov 19, 2019 Samedi 1er mars-Apro conte-Festival Contes et Rencontres de Lozre festival. Pieterse Contes et rencontres lozere comme 20 janv 2016 Feb 1, 2021 Contes et Rencontres en loz\u00e8re: les 30 ans du festival. Report\u00e9es, les dates de ce d\u00e9but dann\u00e9e 2021. Report\u00e9, le spectacle lors des Cette ann\u00e9e encore son soutien au Festival. Contes et rencontres en Loz\u00e8re, un festival qui depuis pr\u00e8s de trente ans perp\u00e9tue Rendez-vous pour la 30\u00e8me \u00e9dition du Festival Contes et Rencontres en Loz\u00e8re organis\u00e9e par la F\u00e9d\u00e9ration D\u00e9partementale des Foyers Ruraux de Loz\u00e8re Rendez-vous pour la 30\u00e8me \u00e9dition du Festival Contes et Rencontres en Loz\u00e8re organis\u00e9e par la F\u00e9d\u00e9ration D\u00e9partementale des Foyers Ruraux de Loz\u00e8re.<\/p>\n","protected":false},"excerpt":{"rendered":"<p>Le festival Contes et Rencontres est lhistoire dun partenariat de 29 ans entre les Foyers ruraux de Loz\u00e8re et le Parc national des C\u00e9vennes Rendez-vous pour la 30\u00e8me \u00e9dition du Festival Contes et Rencontres en Loz\u00e8re organis\u00e9e par la F\u00e9d\u00e9ration D\u00e9partementale des Foyers Ruraux de Loz\u00e8re Jun 8, 2021 Avec la crise sanitaire, la f\u00e9d\u00e9ration [&hellip;]<\/p>\n","protected":false},"author":1,"featured_media":0,"comment_status":"closed","ping_status":"closed","sticky":false,"template":"","format":"standard","meta":{"footnotes":""},"categories":[],"tags":[],"class_list":["post-5527","post","type-post","status-publish","format-standard","hentry"],"blocksy_meta":[],"_links":{"self":[{"href":"http:\/\/chiidaspa.com\/forum\/wp-json\/wp\/v2\/posts\/5527","targetHints":{"allow":["GET"]}}],"collection":[{"href":"http:\/\/chiidaspa.com\/forum\/wp-json\/wp\/v2\/posts"}],"about":[{"href":"http:\/\/chiidaspa.com\/forum\/wp-json\/wp\/v2\/types\/post"}],"author":[{"embeddable":true,"href":"http:\/\/chiidaspa.com\/forum\/wp-json\/wp\/v2\/users\/1"}],"replies":[{"embeddable":true,"href":"http:\/\/chiidaspa.com\/forum\/wp-json\/wp\/v2\/comments?post=5527"}],"version-history":[{"count":0,"href":"http:\/\/chiidaspa.com\/forum\/wp-json\/wp\/v2\/posts\/5527\/revisions"}],"wp:attachment":[{"href":"http:\/\/chiidaspa.com\/forum\/wp-json\/wp\/v2\/media?parent=5527"}],"wp:term":[{"taxonomy":"category","embeddable":true,"href":"http:\/\/chiidaspa.com\/forum\/wp-json\/wp\/v2\/categories?post=5527"},{"taxonomy":"post_tag","embeddable":true,"href":"http:\/\/chiidaspa.com\/forum\/wp-json\/wp\/v2\/tags?post=5527"}],"curies":[{"name":"wp","href":"https:\/\/api.w.org\/{rel}","templated":true}]}}