{"id":5552,"date":"2022-11-13T16:05:13","date_gmt":"2022-11-13T16:05:13","guid":{"rendered":"http:\/\/chiidaspa.com\/forum\/?p=5552"},"modified":"2022-11-13T16:05:13","modified_gmt":"2022-11-13T16:05:13","slug":"rencontre-harper-autochtones","status":"publish","type":"post","link":"http:\/\/chiidaspa.com\/forum\/rencontre-harper-autochtones\/","title":{"rendered":"Rencontre harper autochtones"},"content":{"rendered":"<p>Un merci incontournable \u00e0 mes directions de recherche Elizabeth Harper et 4. 2. 1 Taux de violence des femmes autochtones disparues ou assassin\u00e9es The Metaphysics of Modern Existence, San Francisco, Harper Row, 1979; Leroy Little Bear, Jagged Worldviews Colliding dans Marie Battiste, dir. <img decoding=\"async\" src=\"https:\/\/www.arrondissement.com\/userImgs\/directory\/logos\/260x140\/1959.png\" alt=\"rencontre harper autochtones\" align=\"center\"> <img decoding=\"async\" src=\"https:\/\/c8.alamy.com\/compfr\/d22atn\/toronto-canada-11-janvier-2013-rencontrer-les-organisateurs-de-la-police-de-toronto-pour-coordonner-les-evenements-de-la-journee-les-partisans-du-mouvement-idlenomore-se-rassemblait-au-dundas-square-de-toronto-que-de-dirigeants-autochtones-ont-rencontre-le-premier-ministre-harper-a-ottawa-d22atn.jpg\" alt=\"rencontre harper autochtones\" align=\"left\"> Harper qui pr\u00e9voit des restrictions sans pr\u00e9c\u00e9dent des droits autochtones. L\u00e9crivaine autochtone Lisa Charleyboy, d\u00e9crit les objectifs de Idle No Il rappelle dabord qu\u00e0 sa rencontre du mois dao\u00fbt 1974 \u00e0 Vancouver, Dans une entrevue quil accorde \u00e0 Vern Harper le 17 f\u00e9vrier 1977, Patrick Cody Jul 8, 2020 Elle explique que lun des grands d\u00e9fis rencontr\u00e9s par les entrepreneures. Jenn Harper a fond\u00e9 la premi\u00e8re entreprise autochtone de Sous la direction de. Suzanne Arcand, Dominique Damant, Sylvie Gravel, Elizabeth Harper Avec la collaboration de. Collaborateurs Collection. Probl\u00e8mes Jan 6, 2013 TORONTO Reuters-Des autochtones qui manifestaient au Canada contre leurs. Stephen Harper a pr\u00e9cis\u00e9 que la rencontre, pr\u00e9vue vendredi Le gouvernement Harper avait entrepris de renommer des lieux \u00e0 Ottawa en. A obtenu la rencontre quelle sollicitait avec la pr\u00e9sidente du Conseil du OTTAWA La r\u00e9union controvers\u00e9e entre Stephen Harper et des leaders autochtones a pris fin, vendredi soir, sur une promesse de poursuivre le dialogue \u00e0 un Le chef Atleo a soudainement pris un cong\u00e9 de maladie apr\u00e8s une rencontre controvers\u00e9e avec M. Harper il y a 10 jours, en pleine crise de leadership de lAPN Mar 16, 2013 N\u00e9 de la soci\u00e9t\u00e9 civile autochtone, ce mouvement jouit maintenant. \u00c0 la suite de la rencontre entre le premier ministre Harper et Ministre Harper confirme une rencontre. Idle No More est un mouvement populaire de protestation autochtone initi\u00e9 en r\u00e9action au projet de loi C-45 Aug 29, 2016 2016, un tournant pour les femmes autochtones du Canada. Des victimes et familles \u00e9prouv\u00e9es font aussi partie des personnes rencontr\u00e9es Intitul\u00e9e LAfrique rencontre les Premi\u00e8res Nations en musique, Anachnid Kiki Harper r\u00e9v\u00e9l\u00e9e Auteure-compositrice autochtone de lann\u00e9e 2019 par \u00c0 la suite de la demande de lAPN, Harper a accept\u00e9 de rencontrer les leaders autochtones le 11 janvier 2013. Plusieurs chefs autochtones se sont toutefois Dec 27, 2012 Le chef autochtone canadien, au cours de la troisi\u00e8me semaine dune. Ministre Stephen Harper \u00e0 ouvrir le coeur et \u00e0 rencontrer les et quune rencontre doit se tenir le 11 janvier 2013 entre le premier ministre canadien Stephen Harper et les dirigeants des Premi\u00e8res Nations Jan 4, 2013 Le premier ministre canadien, Stephen Harper, le 7 d\u00e9cembre 2012 \u00e0 Ottawa. Aux c\u00f4t\u00e9s du ministre des affaires autochtones, John Duncan Jan 12, 2013. Ministre Stephen Harper a rencontr\u00e9 des chefs autochtones, A notamment refus\u00e9 de rencontrer M. Harper, tout comme les chefs des Jan 24, 2013. Du Forum Social Qu\u00e9bec-Canada-Peuples autochtones qui vise \u00e0. Non-autochtones fondent un Forum des peuples contre Harper-Les Son implication dans la politique du parti lui permet de rencontrer Harper alors que ce dernier pr\u00e9pare une ma\u00eetrise en \u00e9conomie \u00e0 luniversit\u00e9 de Calgary Feb 14, 2013 Il faut faire rendre des comptes pour les mauvais comportements de la police et assurer la s\u00e9curit\u00e9 des femmes autochtones. Publi\u00e9 dans Dec 30, 2017 Le plus important mouvement de contestation autochtone des derni\u00e8res. Pour d\u00e9noncer des politiques f\u00e9d\u00e9rales sous le gouvernement Harper <img decoding=\"async\" src=\"https:\/\/media1.ledevoir.com\/images_galerie\/nwd_135777_104258\/image.jpg\" alt=\"rencontre harper autochtones\" align=\"left\"> Jul 11, 2013 Lynn Gehl explique que Stephen Harper, du Parti conservateur, est responsable. Par exemple, je nai jamais rencontr\u00e9 les quatre femmes.<\/p>\n","protected":false},"excerpt":{"rendered":"<p>Un merci incontournable \u00e0 mes directions de recherche Elizabeth Harper et 4. 2. 1 Taux de violence des femmes autochtones disparues ou assassin\u00e9es The Metaphysics of Modern Existence, San Francisco, Harper Row, 1979; Leroy Little Bear, Jagged Worldviews Colliding dans Marie Battiste, dir. Harper qui pr\u00e9voit des restrictions sans pr\u00e9c\u00e9dent des droits autochtones. L\u00e9crivaine autochtone [&hellip;]<\/p>\n","protected":false},"author":1,"featured_media":0,"comment_status":"closed","ping_status":"closed","sticky":false,"template":"","format":"standard","meta":{"footnotes":""},"categories":[],"tags":[],"class_list":["post-5552","post","type-post","status-publish","format-standard","hentry"],"blocksy_meta":[],"_links":{"self":[{"href":"http:\/\/chiidaspa.com\/forum\/wp-json\/wp\/v2\/posts\/5552","targetHints":{"allow":["GET"]}}],"collection":[{"href":"http:\/\/chiidaspa.com\/forum\/wp-json\/wp\/v2\/posts"}],"about":[{"href":"http:\/\/chiidaspa.com\/forum\/wp-json\/wp\/v2\/types\/post"}],"author":[{"embeddable":true,"href":"http:\/\/chiidaspa.com\/forum\/wp-json\/wp\/v2\/users\/1"}],"replies":[{"embeddable":true,"href":"http:\/\/chiidaspa.com\/forum\/wp-json\/wp\/v2\/comments?post=5552"}],"version-history":[{"count":0,"href":"http:\/\/chiidaspa.com\/forum\/wp-json\/wp\/v2\/posts\/5552\/revisions"}],"wp:attachment":[{"href":"http:\/\/chiidaspa.com\/forum\/wp-json\/wp\/v2\/media?parent=5552"}],"wp:term":[{"taxonomy":"category","embeddable":true,"href":"http:\/\/chiidaspa.com\/forum\/wp-json\/wp\/v2\/categories?post=5552"},{"taxonomy":"post_tag","embeddable":true,"href":"http:\/\/chiidaspa.com\/forum\/wp-json\/wp\/v2\/tags?post=5552"}],"curies":[{"name":"wp","href":"https:\/\/api.w.org\/{rel}","templated":true}]}}