{"id":5617,"date":"2022-11-13T16:10:24","date_gmt":"2022-11-13T16:10:24","guid":{"rendered":"http:\/\/chiidaspa.com\/forum\/?p=5617"},"modified":"2022-11-13T16:10:24","modified_gmt":"2022-11-13T16:10:24","slug":"rencontre-merkel-cameron","status":"publish","type":"post","link":"http:\/\/chiidaspa.com\/forum\/rencontre-merkel-cameron\/","title":{"rendered":"Rencontre merkel cameron"},"content":{"rendered":"<p>Jun 28, 2010 TORONTO, 27 juin 2010 AFP-La chanceli\u00e8re allemande Angela Merkel et le Premier ministre britannique David Cameron se sont \u00e9clips\u00e9s de la Aug 16, 2011 David Cameron veut lutter contre leffondrement des valeurs morales de son pays. Le premier-ministre britannique a lanc\u00e9 la contre-attaque aux Poutine et Merkel devraient se rencontrer \u00e0 la finale du Mondial David Cameron et Angela Merkel \u00e0 Harpsund. Que font Merkel et Cameron sur un bateau Mar 4, 2016 Une conf\u00e9rence t\u00e9l\u00e9phonique relative \u00e0 la crise syrienne a \u00e9galement \u00e9t\u00e9 organis\u00e9e avec Vladimir Poutine, David Cameron et Matteo Renzi. Sur ces <img decoding=\"async\" src=\"https:\/\/cdn-s-www.estrepublicain.fr\/images\/6ED9927D-D206-491C-B255-E3E32A9581FE\/NW_raw\/angela-merkel-et-david-cameron-un-front-europeen-conservateur-anti-hollande-photo-maxppp-1595229928.jpg\" alt=\"rencontre merkel cameron\" align=\"left\"> Jan 10, 2015 Sommaruga, Merkel, Cameron et de nombreux dirigeants d\u00e9fileront aux c\u00f4t\u00e9s. Apr\u00e8s une rencontre avec Fran\u00e7ois Hollande vendredi Extrait \ufe0f 4m44s-La France disait au revoir \u00e0 Angela Merkel ce mercredi. Apr\u00e8s 16 ans pass\u00e9s au pouvoir, la May 29, 2015 En tourn\u00e9e europ\u00e9enne, David Cameron cherche \u00e0 arracher des r\u00e9formes. David Cameron et Angela Merkel au cours de leur rencontre \u00e0 Berlin Feb 12, 2016 Lors dune rencontre informelle entre Hollande, Merkel et Schulz \u00e0. David Cameron, et le pr\u00e9sident du Conseil europ\u00e9en, Donald Tusk May 18, 2012 LE PRESIDENT-Dabord, lorsque jai rencontr\u00e9 Mme Merkel, c\u00e9tait mardi soir, nous avons \u00e9voqu\u00e9 la situation de la Gr\u00e8ce, et <img decoding=\"async\" src=\"https:\/\/cdn.unitycms.io\/image\/ocroped\/1200,1200,1000,1000,0,0\/YKOX_wSI2rc\/91BZihJ84FuAL3wSxjvAwO.jpg\" alt=\"rencontre merkel cameron\" align=\"left\"> 1 day ago Je vais en \u00eatre digne, avait-elle ajout\u00e9, en \u00e9voquant lexp\u00e9rience dAngela Merkel et Margaret Thatcher: moi aussi comme une lionne je Feb 8, 2016 Le pr\u00e9sident fran\u00e7ais et la chanceli\u00e8re allemande Angela Merkel sont. Les propositions de lUnion europ\u00e9enne pour convaincre Cameron Mar 2, 2012 La chanceli\u00e8re allemande, Angela Merkel, la soutenu fin janvier et son. Cameron a refus\u00e9 de le rencontrer, et Hollande semble avoir Jun 16, 2015 Mercredi, ce sera le Premier ministre britannique David Cameron qui sera \u00e0 Luxembourg. Xavier Bettel rencontre Angela Merkel 16 06. 2015 <img decoding=\"async\" src=\"https:\/\/c8.alamy.com\/compfr\/2cpt532\/le-premier-ministre-britannique-david-cameron-et-la-chanceliere-allemande-angela-merkel-assistent-a-une-reunion-d-un-groupe-de-travail-sur-les-affaires-appele-cut-eu-red-tape-lors-d-un-sommet-de-l-ue-a-bruxelles-le-25-octobre-2013-la-reglementation-de-l-union-europeenne-etrangle-la-croissance-economique-et-coute-au-continent-des-milliards-d-euros-selon-un-rapport-soutenu-par-le-gouvernement-britannique-selon-lequel-cameron-espere-qu-il-renforcera-ses-arguments-en-faveur-d-une-reforme-du-bloc-il-a-mis-en-place-la-revision-de-la-paperasserie-de-l-ue-en-juin-traitant-de-l-un-des-plus-grands-griefs-des-eurosceptiques-britanniques-qui-se-plaignent-que-les-regles-du-bloc-des-28-nations-sont-souvent-mesquines-inferentes-et-exp-2cpt532.jpg\" alt=\"rencontre merkel cameron\" align=\"center\"> Blague de rencontre 2002-20site rencontre amicale canada 17. Rencontres bricoleurs Date, tf1 rencontre noir Valeur en Euros. 1032002 1122002 1012004 Le Premier ministre britannique David Cameron a \u00e9t\u00e9 convi\u00e9 vendredi 12 f\u00e9vrier au soir par \u00e0 la chanceli\u00e8re Angela Merkel \u00e0 un banquet \u00e0 Hambourg au cours Dec 4, 2021 Il est plus proche des conservateurs britanniques que madame Merkel. Quand je dis que son conservatisme est de type britannique.<\/p>\n","protected":false},"excerpt":{"rendered":"<p>Jun 28, 2010 TORONTO, 27 juin 2010 AFP-La chanceli\u00e8re allemande Angela Merkel et le Premier ministre britannique David Cameron se sont \u00e9clips\u00e9s de la Aug 16, 2011 David Cameron veut lutter contre leffondrement des valeurs morales de son pays. Le premier-ministre britannique a lanc\u00e9 la contre-attaque aux Poutine et Merkel devraient se rencontrer \u00e0 la [&hellip;]<\/p>\n","protected":false},"author":1,"featured_media":0,"comment_status":"closed","ping_status":"closed","sticky":false,"template":"","format":"standard","meta":{"footnotes":""},"categories":[],"tags":[],"class_list":["post-5617","post","type-post","status-publish","format-standard","hentry"],"blocksy_meta":{"styles_descriptor":{"styles":{"desktop":"","tablet":"","mobile":""},"google_fonts":[],"version":6}},"_links":{"self":[{"href":"http:\/\/chiidaspa.com\/forum\/wp-json\/wp\/v2\/posts\/5617","targetHints":{"allow":["GET"]}}],"collection":[{"href":"http:\/\/chiidaspa.com\/forum\/wp-json\/wp\/v2\/posts"}],"about":[{"href":"http:\/\/chiidaspa.com\/forum\/wp-json\/wp\/v2\/types\/post"}],"author":[{"embeddable":true,"href":"http:\/\/chiidaspa.com\/forum\/wp-json\/wp\/v2\/users\/1"}],"replies":[{"embeddable":true,"href":"http:\/\/chiidaspa.com\/forum\/wp-json\/wp\/v2\/comments?post=5617"}],"version-history":[{"count":0,"href":"http:\/\/chiidaspa.com\/forum\/wp-json\/wp\/v2\/posts\/5617\/revisions"}],"wp:attachment":[{"href":"http:\/\/chiidaspa.com\/forum\/wp-json\/wp\/v2\/media?parent=5617"}],"wp:term":[{"taxonomy":"category","embeddable":true,"href":"http:\/\/chiidaspa.com\/forum\/wp-json\/wp\/v2\/categories?post=5617"},{"taxonomy":"post_tag","embeddable":true,"href":"http:\/\/chiidaspa.com\/forum\/wp-json\/wp\/v2\/tags?post=5617"}],"curies":[{"name":"wp","href":"https:\/\/api.w.org\/{rel}","templated":true}]}}