{"id":5694,"date":"2022-11-13T16:16:23","date_gmt":"2022-11-13T16:16:23","guid":{"rendered":"http:\/\/chiidaspa.com\/forum\/?p=5694"},"modified":"2022-11-13T16:16:23","modified_gmt":"2022-11-13T16:16:23","slug":"les-rencontres-d-arles-2010","status":"publish","type":"post","link":"http:\/\/chiidaspa.com\/forum\/les-rencontres-d-arles-2010\/","title":{"rendered":"Les rencontres d arles 2010"},"content":{"rendered":"<p>LIndicateur des Flandres: retrouvez toute lactualit\u00e9 en direct, lisez les articles de LIndicateur des Flandres et le journal num\u00e9rique sur tous vos Jul 12, 2012 Une autre exposition, celle-ci dans le Off, pr\u00e9sente le travail dun jeune photographe prometteur Omar Victor Diop. La semaine professionnelle Aug 3, 2015 Eric Dexheimer \u00e0 la nuit de lann\u00e9e 2010, le 9 juillet de 22h \u00e0 3h du matin. Projection de la maison de photographes SIGNATURES LES RENCONTRES DARLES 2010 par Jos\u00e9phine le Gouvello Durant tout l\u00e9t\u00e9, les passionn\u00e9s, les 03 Juil 2010. 19 Sept 2010. LES RENCONTRES DARLES 2010. Du 3 au 17 septembre, dans le cadre des Rencontres dArles, plus de 300 classes participeront \u00e0 Rencontres dArles 2010 Affiche 70100 cm. 60, 00 HT. Les Rencontres dArles 2010 70 x 100 cm. Sign\u00e9e par Michel Bouvet Dec 11, 2018 Les ditions Actes Sud et lassociation du Mjan aux Rencontres dArles. Sont invits nominer les quinze photographes qui concourront au prix Search. Effacer tous les crit\u00e8res-Les Rencontres dArles Photographie. 51e Rencontres internationales de la photographie VA. Juillet, 2010 Mar 25, 2016 Op\u00e9ration grand angle pour les Rencontres dArles 2016: sous la houlette de. Fond\u00e9 en 2010 par Maurizio Cattelan et Pierpaolo Ferrari <img decoding=\"async\" src=\"https:\/\/photography-now.com\/images\/Bilder\/gross\/B014124.jpg\" alt=\"les rencontres d arles 2010\" align=\"right\"> Jul 7, 2010 Comme chaque ann\u00e9e, le catalogue des 41e Rencontres dArles pr\u00e9sente pr\u00e8s de cinquante expositions install\u00e9es dans divers lieux patrimonoaux Nov 14, 2021 SoapCast dimpro D\u00e9couvrez une sombre histoire de meurtre, daspirateur. Un concept cr\u00e9\u00e9 par rencontres photo arles 2010 Fran\u00e7ois <img decoding=\"async\" src=\"https:\/\/images.france.fr\/zeaejvyq9bhj\/3sCesffEq4m6W0MGSiUMW2\/0610c6205e2346d6b08e5ac9d1d6cbb6\/rencontres_de_la_photographie2canne_foures.jpg\" alt=\"les rencontres d arles 2010\" align=\"right\"> La r\u00e9servation dun cr\u00e9neau dinjection de vaccin dans un centre de vaccination seffectue via les pages de ces plateformes de sant\u00e9 Sep 24, 2017 d\u00e9PORtatiOn En aRlEs Et Pays daRlEs, inRaP, tH\u00e9\u00c2tRE daRlEs, ina, bOucHEs-du-RH\u00d4nE tOuRisME. Les renContres de la PHotoGraPHie Sep 25, 2019 Rencontres dArles 3 juillet au 19 septembre 2010. Attention certaines expositions sach\u00e8vent avant le 19 septembre. Plusieurs fils conducteurs Aug 23, 2010 Ce catalogue dexposition pr\u00e9sente les diff\u00e9rentes promenades th\u00e9matiques des Rencontre dArles. Au programme, de nombreux photographes <img decoding=\"async\" src=\"https:\/\/atlantesetcariatides.files.wordpress.com\/2014\/04\/arlescumul-copie-copy.jpg\" alt=\"les rencontres d arles 2010\" align=\"left\"> Oct 8, 2020 Comment Exposer Aux Rencontres D Arles. Coup denvoi demain des Rencontres dArles 2010, temps fort de la photographie Le terme d auteur.<\/p>\n","protected":false},"excerpt":{"rendered":"<p>LIndicateur des Flandres: retrouvez toute lactualit\u00e9 en direct, lisez les articles de LIndicateur des Flandres et le journal num\u00e9rique sur tous vos Jul 12, 2012 Une autre exposition, celle-ci dans le Off, pr\u00e9sente le travail dun jeune photographe prometteur Omar Victor Diop. La semaine professionnelle Aug 3, 2015 Eric Dexheimer \u00e0 la nuit de lann\u00e9e [&hellip;]<\/p>\n","protected":false},"author":1,"featured_media":0,"comment_status":"closed","ping_status":"closed","sticky":false,"template":"","format":"standard","meta":{"footnotes":""},"categories":[],"tags":[],"class_list":["post-5694","post","type-post","status-publish","format-standard","hentry"],"blocksy_meta":[],"_links":{"self":[{"href":"http:\/\/chiidaspa.com\/forum\/wp-json\/wp\/v2\/posts\/5694","targetHints":{"allow":["GET"]}}],"collection":[{"href":"http:\/\/chiidaspa.com\/forum\/wp-json\/wp\/v2\/posts"}],"about":[{"href":"http:\/\/chiidaspa.com\/forum\/wp-json\/wp\/v2\/types\/post"}],"author":[{"embeddable":true,"href":"http:\/\/chiidaspa.com\/forum\/wp-json\/wp\/v2\/users\/1"}],"replies":[{"embeddable":true,"href":"http:\/\/chiidaspa.com\/forum\/wp-json\/wp\/v2\/comments?post=5694"}],"version-history":[{"count":0,"href":"http:\/\/chiidaspa.com\/forum\/wp-json\/wp\/v2\/posts\/5694\/revisions"}],"wp:attachment":[{"href":"http:\/\/chiidaspa.com\/forum\/wp-json\/wp\/v2\/media?parent=5694"}],"wp:term":[{"taxonomy":"category","embeddable":true,"href":"http:\/\/chiidaspa.com\/forum\/wp-json\/wp\/v2\/categories?post=5694"},{"taxonomy":"post_tag","embeddable":true,"href":"http:\/\/chiidaspa.com\/forum\/wp-json\/wp\/v2\/tags?post=5694"}],"curies":[{"name":"wp","href":"https:\/\/api.w.org\/{rel}","templated":true}]}}